{"id":16737,"date":"2025-03-24T07:32:49","date_gmt":"2025-03-24T11:32:49","guid":{"rendered":"https:\/\/www.uptos.edu.ve\/?p=16737"},"modified":"2025-03-28T10:10:41","modified_gmt":"2025-03-28T14:10:41","slug":"cerebro-autista-una-iniciativa-de-capacitacion-para-los-docentes-de-la-uptos-cr","status":"publish","type":"post","link":"https:\/\/www.uptos.edu.ve\/?p=16737","title":{"rendered":"CEREBRO AUTISTA: UNA INICIATIVA DE CAPACITACI\u00d3N PARA LOS DOCENTES DE LA UPTOS CR"},"content":{"rendered":"\t\t<div data-elementor-type=\"wp-post\" data-elementor-id=\"16737\" class=\"elementor elementor-16737\">\n\t\t\t\t\t\t<section class=\"elementor-section elementor-top-section elementor-element elementor-element-a2657d3 elementor-section-boxed elementor-section-height-default elementor-section-height-default\" data-id=\"a2657d3\" data-element_type=\"section\" data-e-type=\"section\">\n\t\t\t\t\t\t<div class=\"elementor-container elementor-column-gap-default\">\n\t\t\t\t\t<div class=\"elementor-column elementor-col-100 elementor-top-column elementor-element elementor-element-e237850\" data-id=\"e237850\" data-element_type=\"column\" data-e-type=\"column\">\n\t\t\t<div class=\"elementor-widget-wrap elementor-element-populated\">\n\t\t\t\t\t\t<div class=\"elementor-element elementor-element-5f01c67 elementor-widget elementor-widget-text-editor\" data-id=\"5f01c67\" data-element_type=\"widget\" data-e-type=\"widget\" data-widget_type=\"text-editor.default\">\n\t\t\t\t<div class=\"elementor-widget-container\">\n\t\t\t\t\t\t\t\t\t<p style=\"text-align: justify;\"><span style=\"font-size: 12pt; color: #000000;\">Siguiendo los lineamientos del Prof. Enry G\u00f3mez Maiz, Rector de la UPTOS \u201cClodosbaldo Russi\u00e1n\u201d, a trav\u00e9s de la Direcci\u00f3n de Pol\u00edticas Estudiantiles a cargo del prof. Fernan Rodr\u00edguez, y la Unidad de Calidad de Vida Estudiantil, a cargo de la Licda. Beatriz Espin, se llev\u00f3 a cabo este 24 de marzo, una charla de sensibilizaci\u00f3n titulada \u201cCerebro Autista\u201d, desarrollada por el CAIPA Sucre, contando con la distinguida presencia del Licdo. Jos\u00e9 Barreto, Licda. Janeth Padr\u00f3n y la Licda. Mar\u00eda Dur\u00e1n.<\/span><\/p><p style=\"text-align: justify;\"><span style=\"font-size: 12pt; color: #000000;\">El Director de Pol\u00edticas Estudiantiles Prof. Fernan Rodr\u00edguez inici\u00f3 la actividad dando la bienvenida a todos los presentes, seguidamente se continu\u00f3 con unas palabras del Vicerrector Acad\u00e9mico Dr. Antonio Curcu, el cual expres\u00f3 que, \u201cEsta charla est\u00e1 dirigida fundamentalmente a los docentes, porque cada vez encontramos un grupo de estudiantes que, por tener una condici\u00f3n determinada, a veces son incomprendidos\u201d.<\/span><\/p><p style=\"text-align: justify;\"><span style=\"font-size: 12pt; color: #000000;\">El objetivo de esta iniciativa es que los docentes de nuestra instituci\u00f3n se nutran de conocimientos sobre la complejidad de este tema y puedan desarrollar herramientas que permitan atender las necesidades de los estudiantes y superar cualquier desaf\u00edo que se presente en el entorno educativo.<\/span><\/p><p style=\"text-align: justify;\">\u00a0<\/p>\t\t\t\t\t\t\t\t<\/div>\n\t\t\t\t<\/div>\n\t\t\t\t\t<\/div>\n\t\t<\/div>\n\t\t\t\t\t<\/div>\n\t\t<\/section>\n\t\t\t\t<\/div>\n\t\t","protected":false},"excerpt":{"rendered":"<p>La UPTOS \u00abClodosbaldo Russi\u00e1n\u00bb, bajo la direcci\u00f3n del Prof. Fernan Rodr\u00edguez y la Licda. Beatriz Espin, realiz\u00f3 el 24 de marzo una charla titulada \u00abCerebro Autista\u00bb, impartida por el CAIPA Sucre. El Vicerrector Acad\u00e9mico, Dr. Antonio Curcu, destac\u00f3 la importancia de capacitar a los docentes para comprender y atender a estudiantes con esta condici\u00f3n. El objetivo fue brindar herramientas que mejoren la inclusi\u00f3n educativa.<\/p>\n","protected":false},"author":1,"featured_media":16738,"comment_status":"open","ping_status":"open","sticky":false,"template":"","format":"standard","meta":{"_monsterinsights_skip_tracking":false,"_monsterinsights_sitenote_active":false,"_monsterinsights_sitenote_note":"","_monsterinsights_sitenote_category":0,"footnotes":""},"categories":[2],"tags":[],"class_list":["post-16737","post","type-post","status-publish","format-standard","has-post-thumbnail","hentry","category-noticias-y-eventos"],"gutentor_comment":0,"yoast_head":"<!-- This site is optimized with the Yoast SEO plugin v27.4 - https:\/\/yoast.com\/product\/yoast-seo-wordpress\/ -->\n<title>CEREBRO AUTISTA: UNA INICIATIVA DE CAPACITACI\u00d3N PARA LOS DOCENTES DE LA UPTOS CR - UPTOS Clodosbaldo Russi\u00e1n<\/title>\n<meta name=\"robots\" content=\"index, follow, max-snippet:-1, max-image-preview:large, max-video-preview:-1\" \/>\n<link rel=\"canonical\" href=\"https:\/\/www.uptos.edu.ve\/?p=16737\" \/>\n<meta property=\"og:locale\" content=\"es_ES\" \/>\n<meta property=\"og:type\" content=\"article\" \/>\n<meta property=\"og:title\" content=\"CEREBRO AUTISTA: UNA INICIATIVA DE CAPACITACI\u00d3N PARA LOS DOCENTES DE LA UPTOS CR - UPTOS Clodosbaldo Russi\u00e1n\" \/>\n<meta property=\"og:description\" content=\"La UPTOS &quot;Clodosbaldo Russi\u00e1n&quot;, bajo la direcci\u00f3n del Prof. Fernan Rodr\u00edguez y la Licda. Beatriz Espin, realiz\u00f3 el 24 de marzo una charla titulada &quot;Cerebro Autista&quot;, impartida por el CAIPA Sucre. El Vicerrector Acad\u00e9mico, Dr. Antonio Curcu, destac\u00f3 la importancia de capacitar a los docentes para comprender y atender a estudiantes con esta condici\u00f3n. El objetivo fue brindar herramientas que mejoren la inclusi\u00f3n educativa.\" \/>\n<meta property=\"og:url\" content=\"https:\/\/www.uptos.edu.ve\/?p=16737\" \/>\n<meta property=\"og:site_name\" content=\"UPTOS Clodosbaldo Russi\u00e1n\" \/>\n<meta property=\"article:publisher\" content=\"https:\/\/www.facebook.com\/people\/UPTOS-Clodosbaldo-Russin\/100070891114831\/\" \/>\n<meta property=\"article:published_time\" content=\"2025-03-24T11:32:49+00:00\" \/>\n<meta property=\"article:modified_time\" content=\"2025-03-28T14:10:41+00:00\" \/>\n<meta property=\"og:image\" content=\"https:\/\/www.uptos.edu.ve\/wp-content\/uploads\/2025\/03\/autista.jpg\" \/>\n\t<meta property=\"og:image:width\" content=\"900\" \/>\n\t<meta property=\"og:image:height\" content=\"560\" \/>\n\t<meta property=\"og:image:type\" content=\"image\/jpeg\" \/>\n<meta name=\"author\" content=\"admin\" \/>\n<meta name=\"twitter:card\" content=\"summary_large_image\" \/>\n<meta name=\"twitter:label1\" content=\"Escrito por\" \/>\n\t<meta name=\"twitter:data1\" content=\"admin\" \/>\n\t<meta name=\"twitter:label2\" content=\"Tiempo estimado de lectura\" \/>\n\t<meta name=\"twitter:data2\" content=\"2 minutos\" \/>\n<script type=\"application\/ld+json\" class=\"yoast-schema-graph\">{\"@context\":\"https:\\\/\\\/schema.org\",\"@graph\":[{\"@type\":\"Article\",\"@id\":\"https:\\\/\\\/www.uptos.edu.ve\\\/?p=16737#article\",\"isPartOf\":{\"@id\":\"https:\\\/\\\/www.uptos.edu.ve\\\/?p=16737\"},\"author\":{\"name\":\"admin\",\"@id\":\"\\\/#\\\/schema\\\/person\\\/d9a0af6eeb57e3cc32f7a97049b91e1a\"},\"headline\":\"CEREBRO AUTISTA: UNA INICIATIVA DE CAPACITACI\u00d3N PARA LOS DOCENTES DE LA UPTOS CR\",\"datePublished\":\"2025-03-24T11:32:49+00:00\",\"dateModified\":\"2025-03-28T14:10:41+00:00\",\"mainEntityOfPage\":{\"@id\":\"https:\\\/\\\/www.uptos.edu.ve\\\/?p=16737\"},\"wordCount\":214,\"commentCount\":0,\"publisher\":{\"@id\":\"\\\/#organization\"},\"image\":{\"@id\":\"https:\\\/\\\/www.uptos.edu.ve\\\/?p=16737#primaryimage\"},\"thumbnailUrl\":\"https:\\\/\\\/www.uptos.edu.ve\\\/wp-content\\\/uploads\\\/2025\\\/03\\\/autista.jpg\",\"articleSection\":[\"noticias y eventos\"],\"inLanguage\":\"es\",\"potentialAction\":[{\"@type\":\"CommentAction\",\"name\":\"Comment\",\"target\":[\"https:\\\/\\\/www.uptos.edu.ve\\\/?p=16737#respond\"]}]},{\"@type\":\"WebPage\",\"@id\":\"https:\\\/\\\/www.uptos.edu.ve\\\/?p=16737\",\"url\":\"https:\\\/\\\/www.uptos.edu.ve\\\/?p=16737\",\"name\":\"CEREBRO AUTISTA: UNA INICIATIVA DE CAPACITACI\u00d3N PARA LOS DOCENTES DE LA UPTOS CR - UPTOS Clodosbaldo Russi\u00e1n\",\"isPartOf\":{\"@id\":\"\\\/#website\"},\"primaryImageOfPage\":{\"@id\":\"https:\\\/\\\/www.uptos.edu.ve\\\/?p=16737#primaryimage\"},\"image\":{\"@id\":\"https:\\\/\\\/www.uptos.edu.ve\\\/?p=16737#primaryimage\"},\"thumbnailUrl\":\"https:\\\/\\\/www.uptos.edu.ve\\\/wp-content\\\/uploads\\\/2025\\\/03\\\/autista.jpg\",\"datePublished\":\"2025-03-24T11:32:49+00:00\",\"dateModified\":\"2025-03-28T14:10:41+00:00\",\"breadcrumb\":{\"@id\":\"https:\\\/\\\/www.uptos.edu.ve\\\/?p=16737#breadcrumb\"},\"inLanguage\":\"es\",\"potentialAction\":[{\"@type\":\"ReadAction\",\"target\":[\"https:\\\/\\\/www.uptos.edu.ve\\\/?p=16737\"]}]},{\"@type\":\"ImageObject\",\"inLanguage\":\"es\",\"@id\":\"https:\\\/\\\/www.uptos.edu.ve\\\/?p=16737#primaryimage\",\"url\":\"https:\\\/\\\/www.uptos.edu.ve\\\/wp-content\\\/uploads\\\/2025\\\/03\\\/autista.jpg\",\"contentUrl\":\"https:\\\/\\\/www.uptos.edu.ve\\\/wp-content\\\/uploads\\\/2025\\\/03\\\/autista.jpg\",\"width\":900,\"height\":560},{\"@type\":\"BreadcrumbList\",\"@id\":\"https:\\\/\\\/www.uptos.edu.ve\\\/?p=16737#breadcrumb\",\"itemListElement\":[{\"@type\":\"ListItem\",\"position\":1,\"name\":\"Home\",\"item\":\"https:\\\/\\\/www.uptos.edu.ve\\\/\"},{\"@type\":\"ListItem\",\"position\":2,\"name\":\"CEREBRO AUTISTA: UNA INICIATIVA DE CAPACITACI\u00d3N PARA LOS DOCENTES DE LA UPTOS CR\"}]},{\"@type\":\"WebSite\",\"@id\":\"\\\/#website\",\"url\":\"\\\/\",\"name\":\"UPTOS Clodosbaldo Russi\u00e1n\",\"description\":\"Universidad Polit\u00e9cnica del Oeste de Sucre\",\"publisher\":{\"@id\":\"\\\/#organization\"},\"potentialAction\":[{\"@type\":\"SearchAction\",\"target\":{\"@type\":\"EntryPoint\",\"urlTemplate\":\"\\\/?s={search_term_string}\"},\"query-input\":{\"@type\":\"PropertyValueSpecification\",\"valueRequired\":true,\"valueName\":\"search_term_string\"}}],\"inLanguage\":\"es\"},{\"@type\":\"Organization\",\"@id\":\"\\\/#organization\",\"name\":\"UPTOS Clodosbaldo Russi\u00e1n\",\"url\":\"\\\/\",\"logo\":{\"@type\":\"ImageObject\",\"inLanguage\":\"es\",\"@id\":\"\\\/#\\\/schema\\\/logo\\\/image\\\/\",\"url\":\"https:\\\/\\\/www.uptos.edu.ve\\\/wp-content\\\/uploads\\\/2026\\\/02\\\/cropped-cropped-WhatsApp-Image-2026-02-11-at-10.17.38-PM-1.jpeg\",\"contentUrl\":\"https:\\\/\\\/www.uptos.edu.ve\\\/wp-content\\\/uploads\\\/2026\\\/02\\\/cropped-cropped-WhatsApp-Image-2026-02-11-at-10.17.38-PM-1.jpeg\",\"width\":1080,\"height\":73,\"caption\":\"UPTOS Clodosbaldo Russi\u00e1n\"},\"image\":{\"@id\":\"\\\/#\\\/schema\\\/logo\\\/image\\\/\"},\"sameAs\":[\"https:\\\/\\\/www.facebook.com\\\/people\\\/UPTOS-Clodosbaldo-Russin\\\/100070891114831\\\/\",\"http:\\\/\\\/instagram.com\\\/uptoscr_oficial\"]},{\"@type\":\"Person\",\"@id\":\"\\\/#\\\/schema\\\/person\\\/d9a0af6eeb57e3cc32f7a97049b91e1a\",\"name\":\"admin\",\"image\":{\"@type\":\"ImageObject\",\"inLanguage\":\"es\",\"@id\":\"https:\\\/\\\/secure.gravatar.com\\\/avatar\\\/dec82458c94c5f10d3b053c54896e2dc8f586d54b65abe6856eaf407592171b4?s=96&d=mm&r=g\",\"url\":\"https:\\\/\\\/secure.gravatar.com\\\/avatar\\\/dec82458c94c5f10d3b053c54896e2dc8f586d54b65abe6856eaf407592171b4?s=96&d=mm&r=g\",\"contentUrl\":\"https:\\\/\\\/secure.gravatar.com\\\/avatar\\\/dec82458c94c5f10d3b053c54896e2dc8f586d54b65abe6856eaf407592171b4?s=96&d=mm&r=g\",\"caption\":\"admin\"},\"sameAs\":[\"http:\"],\"url\":\"https:\\\/\\\/www.uptos.edu.ve\\\/?author=1\"}]}<\/script>\n<!-- \/ Yoast SEO plugin. -->","yoast_head_json":{"title":"CEREBRO AUTISTA: UNA INICIATIVA DE CAPACITACI\u00d3N PARA LOS DOCENTES DE LA UPTOS CR - UPTOS Clodosbaldo Russi\u00e1n","robots":{"index":"index","follow":"follow","max-snippet":"max-snippet:-1","max-image-preview":"max-image-preview:large","max-video-preview":"max-video-preview:-1"},"canonical":"https:\/\/www.uptos.edu.ve\/?p=16737","og_locale":"es_ES","og_type":"article","og_title":"CEREBRO AUTISTA: UNA INICIATIVA DE CAPACITACI\u00d3N PARA LOS DOCENTES DE LA UPTOS CR - UPTOS Clodosbaldo Russi\u00e1n","og_description":"La UPTOS \"Clodosbaldo Russi\u00e1n\", bajo la direcci\u00f3n del Prof. Fernan Rodr\u00edguez y la Licda. Beatriz Espin, realiz\u00f3 el 24 de marzo una charla titulada \"Cerebro Autista\", impartida por el CAIPA Sucre. El Vicerrector Acad\u00e9mico, Dr. Antonio Curcu, destac\u00f3 la importancia de capacitar a los docentes para comprender y atender a estudiantes con esta condici\u00f3n. El objetivo fue brindar herramientas que mejoren la inclusi\u00f3n educativa.","og_url":"https:\/\/www.uptos.edu.ve\/?p=16737","og_site_name":"UPTOS Clodosbaldo Russi\u00e1n","article_publisher":"https:\/\/www.facebook.com\/people\/UPTOS-Clodosbaldo-Russin\/100070891114831\/","article_published_time":"2025-03-24T11:32:49+00:00","article_modified_time":"2025-03-28T14:10:41+00:00","og_image":[{"width":900,"height":560,"url":"https:\/\/www.uptos.edu.ve\/wp-content\/uploads\/2025\/03\/autista.jpg","type":"image\/jpeg"}],"author":"admin","twitter_card":"summary_large_image","twitter_misc":{"Escrito por":"admin","Tiempo estimado de lectura":"2 minutos"},"schema":{"@context":"https:\/\/schema.org","@graph":[{"@type":"Article","@id":"https:\/\/www.uptos.edu.ve\/?p=16737#article","isPartOf":{"@id":"https:\/\/www.uptos.edu.ve\/?p=16737"},"author":{"name":"admin","@id":"\/#\/schema\/person\/d9a0af6eeb57e3cc32f7a97049b91e1a"},"headline":"CEREBRO AUTISTA: UNA INICIATIVA DE CAPACITACI\u00d3N PARA LOS DOCENTES DE LA UPTOS CR","datePublished":"2025-03-24T11:32:49+00:00","dateModified":"2025-03-28T14:10:41+00:00","mainEntityOfPage":{"@id":"https:\/\/www.uptos.edu.ve\/?p=16737"},"wordCount":214,"commentCount":0,"publisher":{"@id":"\/#organization"},"image":{"@id":"https:\/\/www.uptos.edu.ve\/?p=16737#primaryimage"},"thumbnailUrl":"https:\/\/www.uptos.edu.ve\/wp-content\/uploads\/2025\/03\/autista.jpg","articleSection":["noticias y eventos"],"inLanguage":"es","potentialAction":[{"@type":"CommentAction","name":"Comment","target":["https:\/\/www.uptos.edu.ve\/?p=16737#respond"]}]},{"@type":"WebPage","@id":"https:\/\/www.uptos.edu.ve\/?p=16737","url":"https:\/\/www.uptos.edu.ve\/?p=16737","name":"CEREBRO AUTISTA: UNA INICIATIVA DE CAPACITACI\u00d3N PARA LOS DOCENTES DE LA UPTOS CR - UPTOS Clodosbaldo Russi\u00e1n","isPartOf":{"@id":"\/#website"},"primaryImageOfPage":{"@id":"https:\/\/www.uptos.edu.ve\/?p=16737#primaryimage"},"image":{"@id":"https:\/\/www.uptos.edu.ve\/?p=16737#primaryimage"},"thumbnailUrl":"https:\/\/www.uptos.edu.ve\/wp-content\/uploads\/2025\/03\/autista.jpg","datePublished":"2025-03-24T11:32:49+00:00","dateModified":"2025-03-28T14:10:41+00:00","breadcrumb":{"@id":"https:\/\/www.uptos.edu.ve\/?p=16737#breadcrumb"},"inLanguage":"es","potentialAction":[{"@type":"ReadAction","target":["https:\/\/www.uptos.edu.ve\/?p=16737"]}]},{"@type":"ImageObject","inLanguage":"es","@id":"https:\/\/www.uptos.edu.ve\/?p=16737#primaryimage","url":"https:\/\/www.uptos.edu.ve\/wp-content\/uploads\/2025\/03\/autista.jpg","contentUrl":"https:\/\/www.uptos.edu.ve\/wp-content\/uploads\/2025\/03\/autista.jpg","width":900,"height":560},{"@type":"BreadcrumbList","@id":"https:\/\/www.uptos.edu.ve\/?p=16737#breadcrumb","itemListElement":[{"@type":"ListItem","position":1,"name":"Home","item":"https:\/\/www.uptos.edu.ve\/"},{"@type":"ListItem","position":2,"name":"CEREBRO AUTISTA: UNA INICIATIVA DE CAPACITACI\u00d3N PARA LOS DOCENTES DE LA UPTOS CR"}]},{"@type":"WebSite","@id":"\/#website","url":"\/","name":"UPTOS Clodosbaldo Russi\u00e1n","description":"Universidad Polit\u00e9cnica del Oeste de Sucre","publisher":{"@id":"\/#organization"},"potentialAction":[{"@type":"SearchAction","target":{"@type":"EntryPoint","urlTemplate":"\/?s={search_term_string}"},"query-input":{"@type":"PropertyValueSpecification","valueRequired":true,"valueName":"search_term_string"}}],"inLanguage":"es"},{"@type":"Organization","@id":"\/#organization","name":"UPTOS Clodosbaldo Russi\u00e1n","url":"\/","logo":{"@type":"ImageObject","inLanguage":"es","@id":"\/#\/schema\/logo\/image\/","url":"https:\/\/www.uptos.edu.ve\/wp-content\/uploads\/2026\/02\/cropped-cropped-WhatsApp-Image-2026-02-11-at-10.17.38-PM-1.jpeg","contentUrl":"https:\/\/www.uptos.edu.ve\/wp-content\/uploads\/2026\/02\/cropped-cropped-WhatsApp-Image-2026-02-11-at-10.17.38-PM-1.jpeg","width":1080,"height":73,"caption":"UPTOS Clodosbaldo Russi\u00e1n"},"image":{"@id":"\/#\/schema\/logo\/image\/"},"sameAs":["https:\/\/www.facebook.com\/people\/UPTOS-Clodosbaldo-Russin\/100070891114831\/","http:\/\/instagram.com\/uptoscr_oficial"]},{"@type":"Person","@id":"\/#\/schema\/person\/d9a0af6eeb57e3cc32f7a97049b91e1a","name":"admin","image":{"@type":"ImageObject","inLanguage":"es","@id":"https:\/\/secure.gravatar.com\/avatar\/dec82458c94c5f10d3b053c54896e2dc8f586d54b65abe6856eaf407592171b4?s=96&d=mm&r=g","url":"https:\/\/secure.gravatar.com\/avatar\/dec82458c94c5f10d3b053c54896e2dc8f586d54b65abe6856eaf407592171b4?s=96&d=mm&r=g","contentUrl":"https:\/\/secure.gravatar.com\/avatar\/dec82458c94c5f10d3b053c54896e2dc8f586d54b65abe6856eaf407592171b4?s=96&d=mm&r=g","caption":"admin"},"sameAs":["http:"],"url":"https:\/\/www.uptos.edu.ve\/?author=1"}]}},"_links":{"self":[{"href":"https:\/\/www.uptos.edu.ve\/index.php?rest_route=\/wp\/v2\/posts\/16737","targetHints":{"allow":["GET"]}}],"collection":[{"href":"https:\/\/www.uptos.edu.ve\/index.php?rest_route=\/wp\/v2\/posts"}],"about":[{"href":"https:\/\/www.uptos.edu.ve\/index.php?rest_route=\/wp\/v2\/types\/post"}],"author":[{"embeddable":true,"href":"https:\/\/www.uptos.edu.ve\/index.php?rest_route=\/wp\/v2\/users\/1"}],"replies":[{"embeddable":true,"href":"https:\/\/www.uptos.edu.ve\/index.php?rest_route=%2Fwp%2Fv2%2Fcomments&post=16737"}],"version-history":[{"count":3,"href":"https:\/\/www.uptos.edu.ve\/index.php?rest_route=\/wp\/v2\/posts\/16737\/revisions"}],"predecessor-version":[{"id":16741,"href":"https:\/\/www.uptos.edu.ve\/index.php?rest_route=\/wp\/v2\/posts\/16737\/revisions\/16741"}],"wp:featuredmedia":[{"embeddable":true,"href":"https:\/\/www.uptos.edu.ve\/index.php?rest_route=\/wp\/v2\/media\/16738"}],"wp:attachment":[{"href":"https:\/\/www.uptos.edu.ve\/index.php?rest_route=%2Fwp%2Fv2%2Fmedia&parent=16737"}],"wp:term":[{"taxonomy":"category","embeddable":true,"href":"https:\/\/www.uptos.edu.ve\/index.php?rest_route=%2Fwp%2Fv2%2Fcategories&post=16737"},{"taxonomy":"post_tag","embeddable":true,"href":"https:\/\/www.uptos.edu.ve\/index.php?rest_route=%2Fwp%2Fv2%2Ftags&post=16737"}],"curies":[{"name":"wp","href":"https:\/\/api.w.org\/{rel}","templated":true}]}}