{"id":16529,"date":"2025-02-27T01:57:00","date_gmt":"2025-02-27T05:57:00","guid":{"rendered":"https:\/\/www.uptos.edu.ve\/?p=16529"},"modified":"2025-03-01T18:05:19","modified_gmt":"2025-03-01T22:05:19","slug":"las-redes-sociales-desde-la-perspectiva-etica","status":"publish","type":"post","link":"https:\/\/www.uptos.edu.ve\/?p=16529","title":{"rendered":"LAS REDES SOCIALES DESDE LA PERSPECTIVA \u00c9TICA"},"content":{"rendered":"\t\t<div data-elementor-type=\"wp-post\" data-elementor-id=\"16529\" class=\"elementor elementor-16529\">\n\t\t\t\t\t\t<section class=\"elementor-section elementor-top-section elementor-element elementor-element-cebc7e3 elementor-section-boxed elementor-section-height-default elementor-section-height-default\" data-id=\"cebc7e3\" data-element_type=\"section\" data-e-type=\"section\">\n\t\t\t\t\t\t<div class=\"elementor-container elementor-column-gap-default\">\n\t\t\t\t\t<div class=\"elementor-column elementor-col-100 elementor-top-column elementor-element elementor-element-1e098de\" data-id=\"1e098de\" data-element_type=\"column\" data-e-type=\"column\">\n\t\t\t<div class=\"elementor-widget-wrap elementor-element-populated\">\n\t\t\t\t\t\t<div class=\"elementor-element elementor-element-a694fa7 elementor-widget elementor-widget-text-editor\" data-id=\"a694fa7\" data-element_type=\"widget\" data-e-type=\"widget\" data-widget_type=\"text-editor.default\">\n\t\t\t\t<div class=\"elementor-widget-container\">\n\t\t\t\t\t\t\t\t\t<h3 style=\"text-align: center;\"><span style=\"font-size: 12pt; color: #000000;\">LAS REDES SOCIALES DESDE LA PERSPECTIVA \u00c9TICA<\/span><\/h3><p style=\"text-align: justify;\"><span style=\"font-size: 12pt; color: #000000;\">Este 26 de Febrero se llev\u00f3\u0301 a cabo la conferencia titulada \u00abLas redes sociales desde la perspectiva \u00e9tica\u00bb, impartida por el fil\u00f3sofo Dr. Josu Landa de la Fundacio\u0301n E\u0301thos. El evento se llevo\u0301 a cabo en la plaza \u201cEl Sol\u201d, ubicada en el casco hist\u00f3rico de la UPTOS \u00abClodosbaldo Russia\u0301n\u00bb.<\/span><\/p><p style=\"text-align: justify;\"><span style=\"font-size: 12pt; color: #000000;\">El Vicerrector Acad\u00e9mico, Dr. Antonio Curcu, destaco\u0301 en su intervenci\u00f3n que \u00aben la conferencia desarrollada en la universidad se ha tratado el tema de las redes sociales as\u00ed\u0301 como la e\u0301tica, el ethos, el alma y la interpretaci\u00f3n\u00bb. Adem\u00e1s, subrayo\u0301 c\u00f3mo estas tem\u00e1ticas est\u00e1n interviniendo en la interioridad de las comunidades y, sobre todo, en la humanidad.<\/span><\/p><p style=\"text-align: justify;\"><span style=\"font-size: 12pt; color: #000000;\">Es fundamental que actividades como esta permitan el desarrollo de temas de debate, ya que constituyen pilares esenciales de la sociedad. Las redes sociales se han integrado en nuestra vida cotidiana, influyendo significativamente en el comportamiento de las personas.<\/span><\/p><p style=\"text-align: justify;\">\u00a0<\/p>\t\t\t\t\t\t\t\t<\/div>\n\t\t\t\t<\/div>\n\t\t\t\t\t<\/div>\n\t\t<\/div>\n\t\t\t\t\t<\/div>\n\t\t<\/section>\n\t\t\t\t<\/div>\n\t\t","protected":false},"excerpt":{"rendered":"<p>Este 26 de febrero, la UPTOS \u201cClodosbaldo Russi\u00e1n\u201d celebr\u00f3 la conferencia \u201cLas redes sociales desde la perspectiva \u00e9tica\u201d, impartida por el fil\u00f3sofo Dr. Josu Landa de la Fundaci\u00f3n \u00c9thos. El evento, realizado en la plaza \u201cEl Sol\u201d, abord\u00f3 temas como la \u00e9tica, el ethos y la influencia de las redes sociales en la sociedad. El vicerrector acad\u00e9mico, Dr. Antonio Curcu, destac\u00f3 la importancia de reflexionar sobre c\u00f3mo estas plataformas impactan en la interioridad de las comunidades y en la humanidad en general, promoviendo un debate esencial para el desarrollo social.<\/p>\n","protected":false},"author":1,"featured_media":16532,"comment_status":"open","ping_status":"open","sticky":false,"template":"","format":"standard","meta":{"_monsterinsights_skip_tracking":false,"_monsterinsights_sitenote_active":false,"_monsterinsights_sitenote_note":"","_monsterinsights_sitenote_category":0,"footnotes":""},"categories":[2],"tags":[],"class_list":["post-16529","post","type-post","status-publish","format-standard","has-post-thumbnail","hentry","category-noticias-y-eventos"],"gutentor_comment":1,"yoast_head":"<!-- This site is optimized with the Yoast SEO plugin v27.4 - https:\/\/yoast.com\/product\/yoast-seo-wordpress\/ -->\n<title>LAS REDES SOCIALES DESDE LA PERSPECTIVA \u00c9TICA - UPTOS Clodosbaldo Russi\u00e1n<\/title>\n<meta name=\"robots\" content=\"index, follow, max-snippet:-1, max-image-preview:large, max-video-preview:-1\" \/>\n<link rel=\"canonical\" href=\"https:\/\/www.uptos.edu.ve\/?p=16529\" \/>\n<meta property=\"og:locale\" content=\"es_ES\" \/>\n<meta property=\"og:type\" content=\"article\" \/>\n<meta property=\"og:title\" content=\"LAS REDES SOCIALES DESDE LA PERSPECTIVA \u00c9TICA - UPTOS Clodosbaldo Russi\u00e1n\" \/>\n<meta property=\"og:description\" content=\"Este 26 de febrero, la UPTOS \u201cClodosbaldo Russi\u00e1n\u201d celebr\u00f3 la conferencia \u201cLas redes sociales desde la perspectiva \u00e9tica\u201d, impartida por el fil\u00f3sofo Dr. Josu Landa de la Fundaci\u00f3n \u00c9thos. El evento, realizado en la plaza \u201cEl Sol\u201d, abord\u00f3 temas como la \u00e9tica, el ethos y la influencia de las redes sociales en la sociedad. El vicerrector acad\u00e9mico, Dr. Antonio Curcu, destac\u00f3 la importancia de reflexionar sobre c\u00f3mo estas plataformas impactan en la interioridad de las comunidades y en la humanidad en general, promoviendo un debate esencial para el desarrollo social.\" \/>\n<meta property=\"og:url\" content=\"https:\/\/www.uptos.edu.ve\/?p=16529\" \/>\n<meta property=\"og:site_name\" content=\"UPTOS Clodosbaldo Russi\u00e1n\" \/>\n<meta property=\"article:publisher\" content=\"https:\/\/www.facebook.com\/people\/UPTOS-Clodosbaldo-Russin\/100070891114831\/\" \/>\n<meta property=\"article:published_time\" content=\"2025-02-27T05:57:00+00:00\" \/>\n<meta property=\"article:modified_time\" content=\"2025-03-01T22:05:19+00:00\" \/>\n<meta property=\"og:image\" content=\"https:\/\/www.uptos.edu.ve\/wp-content\/uploads\/2025\/02\/Las-redes-sociales-desde-la-perspectiva-etica-EDITADA.jpg\" \/>\n\t<meta property=\"og:image:width\" content=\"900\" \/>\n\t<meta property=\"og:image:height\" content=\"560\" \/>\n\t<meta property=\"og:image:type\" content=\"image\/jpeg\" \/>\n<meta name=\"author\" content=\"admin\" \/>\n<meta name=\"twitter:card\" content=\"summary_large_image\" \/>\n<meta name=\"twitter:label1\" content=\"Escrito por\" \/>\n\t<meta name=\"twitter:data1\" content=\"admin\" \/>\n\t<meta name=\"twitter:label2\" content=\"Tiempo estimado de lectura\" \/>\n\t<meta name=\"twitter:data2\" content=\"1 minuto\" \/>\n<script type=\"application\/ld+json\" class=\"yoast-schema-graph\">{\"@context\":\"https:\\\/\\\/schema.org\",\"@graph\":[{\"@type\":\"Article\",\"@id\":\"https:\\\/\\\/www.uptos.edu.ve\\\/?p=16529#article\",\"isPartOf\":{\"@id\":\"https:\\\/\\\/www.uptos.edu.ve\\\/?p=16529\"},\"author\":{\"name\":\"admin\",\"@id\":\"\\\/#\\\/schema\\\/person\\\/d9a0af6eeb57e3cc32f7a97049b91e1a\"},\"headline\":\"LAS REDES SOCIALES DESDE LA PERSPECTIVA \u00c9TICA\",\"datePublished\":\"2025-02-27T05:57:00+00:00\",\"dateModified\":\"2025-03-01T22:05:19+00:00\",\"mainEntityOfPage\":{\"@id\":\"https:\\\/\\\/www.uptos.edu.ve\\\/?p=16529\"},\"wordCount\":172,\"commentCount\":0,\"publisher\":{\"@id\":\"\\\/#organization\"},\"image\":{\"@id\":\"https:\\\/\\\/www.uptos.edu.ve\\\/?p=16529#primaryimage\"},\"thumbnailUrl\":\"https:\\\/\\\/www.uptos.edu.ve\\\/wp-content\\\/uploads\\\/2025\\\/02\\\/Las-redes-sociales-desde-la-perspectiva-etica-EDITADA.jpg\",\"articleSection\":[\"noticias y eventos\"],\"inLanguage\":\"es\",\"potentialAction\":[{\"@type\":\"CommentAction\",\"name\":\"Comment\",\"target\":[\"https:\\\/\\\/www.uptos.edu.ve\\\/?p=16529#respond\"]}]},{\"@type\":\"WebPage\",\"@id\":\"https:\\\/\\\/www.uptos.edu.ve\\\/?p=16529\",\"url\":\"https:\\\/\\\/www.uptos.edu.ve\\\/?p=16529\",\"name\":\"LAS REDES SOCIALES DESDE LA PERSPECTIVA \u00c9TICA - UPTOS Clodosbaldo Russi\u00e1n\",\"isPartOf\":{\"@id\":\"\\\/#website\"},\"primaryImageOfPage\":{\"@id\":\"https:\\\/\\\/www.uptos.edu.ve\\\/?p=16529#primaryimage\"},\"image\":{\"@id\":\"https:\\\/\\\/www.uptos.edu.ve\\\/?p=16529#primaryimage\"},\"thumbnailUrl\":\"https:\\\/\\\/www.uptos.edu.ve\\\/wp-content\\\/uploads\\\/2025\\\/02\\\/Las-redes-sociales-desde-la-perspectiva-etica-EDITADA.jpg\",\"datePublished\":\"2025-02-27T05:57:00+00:00\",\"dateModified\":\"2025-03-01T22:05:19+00:00\",\"breadcrumb\":{\"@id\":\"https:\\\/\\\/www.uptos.edu.ve\\\/?p=16529#breadcrumb\"},\"inLanguage\":\"es\",\"potentialAction\":[{\"@type\":\"ReadAction\",\"target\":[\"https:\\\/\\\/www.uptos.edu.ve\\\/?p=16529\"]}]},{\"@type\":\"ImageObject\",\"inLanguage\":\"es\",\"@id\":\"https:\\\/\\\/www.uptos.edu.ve\\\/?p=16529#primaryimage\",\"url\":\"https:\\\/\\\/www.uptos.edu.ve\\\/wp-content\\\/uploads\\\/2025\\\/02\\\/Las-redes-sociales-desde-la-perspectiva-etica-EDITADA.jpg\",\"contentUrl\":\"https:\\\/\\\/www.uptos.edu.ve\\\/wp-content\\\/uploads\\\/2025\\\/02\\\/Las-redes-sociales-desde-la-perspectiva-etica-EDITADA.jpg\",\"width\":900,\"height\":560},{\"@type\":\"BreadcrumbList\",\"@id\":\"https:\\\/\\\/www.uptos.edu.ve\\\/?p=16529#breadcrumb\",\"itemListElement\":[{\"@type\":\"ListItem\",\"position\":1,\"name\":\"Home\",\"item\":\"https:\\\/\\\/www.uptos.edu.ve\\\/\"},{\"@type\":\"ListItem\",\"position\":2,\"name\":\"LAS REDES SOCIALES DESDE LA PERSPECTIVA \u00c9TICA\"}]},{\"@type\":\"WebSite\",\"@id\":\"\\\/#website\",\"url\":\"\\\/\",\"name\":\"UPTOS Clodosbaldo Russi\u00e1n\",\"description\":\"Universidad Polit\u00e9cnica del Oeste de Sucre\",\"publisher\":{\"@id\":\"\\\/#organization\"},\"potentialAction\":[{\"@type\":\"SearchAction\",\"target\":{\"@type\":\"EntryPoint\",\"urlTemplate\":\"\\\/?s={search_term_string}\"},\"query-input\":{\"@type\":\"PropertyValueSpecification\",\"valueRequired\":true,\"valueName\":\"search_term_string\"}}],\"inLanguage\":\"es\"},{\"@type\":\"Organization\",\"@id\":\"\\\/#organization\",\"name\":\"UPTOS Clodosbaldo Russi\u00e1n\",\"url\":\"\\\/\",\"logo\":{\"@type\":\"ImageObject\",\"inLanguage\":\"es\",\"@id\":\"\\\/#\\\/schema\\\/logo\\\/image\\\/\",\"url\":\"https:\\\/\\\/www.uptos.edu.ve\\\/wp-content\\\/uploads\\\/2026\\\/02\\\/cropped-cropped-WhatsApp-Image-2026-02-11-at-10.17.38-PM-1.jpeg\",\"contentUrl\":\"https:\\\/\\\/www.uptos.edu.ve\\\/wp-content\\\/uploads\\\/2026\\\/02\\\/cropped-cropped-WhatsApp-Image-2026-02-11-at-10.17.38-PM-1.jpeg\",\"width\":1080,\"height\":73,\"caption\":\"UPTOS Clodosbaldo Russi\u00e1n\"},\"image\":{\"@id\":\"\\\/#\\\/schema\\\/logo\\\/image\\\/\"},\"sameAs\":[\"https:\\\/\\\/www.facebook.com\\\/people\\\/UPTOS-Clodosbaldo-Russin\\\/100070891114831\\\/\",\"http:\\\/\\\/instagram.com\\\/uptoscr_oficial\"]},{\"@type\":\"Person\",\"@id\":\"\\\/#\\\/schema\\\/person\\\/d9a0af6eeb57e3cc32f7a97049b91e1a\",\"name\":\"admin\",\"image\":{\"@type\":\"ImageObject\",\"inLanguage\":\"es\",\"@id\":\"https:\\\/\\\/secure.gravatar.com\\\/avatar\\\/dec82458c94c5f10d3b053c54896e2dc8f586d54b65abe6856eaf407592171b4?s=96&d=mm&r=g\",\"url\":\"https:\\\/\\\/secure.gravatar.com\\\/avatar\\\/dec82458c94c5f10d3b053c54896e2dc8f586d54b65abe6856eaf407592171b4?s=96&d=mm&r=g\",\"contentUrl\":\"https:\\\/\\\/secure.gravatar.com\\\/avatar\\\/dec82458c94c5f10d3b053c54896e2dc8f586d54b65abe6856eaf407592171b4?s=96&d=mm&r=g\",\"caption\":\"admin\"},\"sameAs\":[\"http:\"],\"url\":\"https:\\\/\\\/www.uptos.edu.ve\\\/?author=1\"}]}<\/script>\n<!-- \/ Yoast SEO plugin. -->","yoast_head_json":{"title":"LAS REDES SOCIALES DESDE LA PERSPECTIVA \u00c9TICA - UPTOS Clodosbaldo Russi\u00e1n","robots":{"index":"index","follow":"follow","max-snippet":"max-snippet:-1","max-image-preview":"max-image-preview:large","max-video-preview":"max-video-preview:-1"},"canonical":"https:\/\/www.uptos.edu.ve\/?p=16529","og_locale":"es_ES","og_type":"article","og_title":"LAS REDES SOCIALES DESDE LA PERSPECTIVA \u00c9TICA - UPTOS Clodosbaldo Russi\u00e1n","og_description":"Este 26 de febrero, la UPTOS \u201cClodosbaldo Russi\u00e1n\u201d celebr\u00f3 la conferencia \u201cLas redes sociales desde la perspectiva \u00e9tica\u201d, impartida por el fil\u00f3sofo Dr. Josu Landa de la Fundaci\u00f3n \u00c9thos. El evento, realizado en la plaza \u201cEl Sol\u201d, abord\u00f3 temas como la \u00e9tica, el ethos y la influencia de las redes sociales en la sociedad. El vicerrector acad\u00e9mico, Dr. Antonio Curcu, destac\u00f3 la importancia de reflexionar sobre c\u00f3mo estas plataformas impactan en la interioridad de las comunidades y en la humanidad en general, promoviendo un debate esencial para el desarrollo social.","og_url":"https:\/\/www.uptos.edu.ve\/?p=16529","og_site_name":"UPTOS Clodosbaldo Russi\u00e1n","article_publisher":"https:\/\/www.facebook.com\/people\/UPTOS-Clodosbaldo-Russin\/100070891114831\/","article_published_time":"2025-02-27T05:57:00+00:00","article_modified_time":"2025-03-01T22:05:19+00:00","og_image":[{"width":900,"height":560,"url":"https:\/\/www.uptos.edu.ve\/wp-content\/uploads\/2025\/02\/Las-redes-sociales-desde-la-perspectiva-etica-EDITADA.jpg","type":"image\/jpeg"}],"author":"admin","twitter_card":"summary_large_image","twitter_misc":{"Escrito por":"admin","Tiempo estimado de lectura":"1 minuto"},"schema":{"@context":"https:\/\/schema.org","@graph":[{"@type":"Article","@id":"https:\/\/www.uptos.edu.ve\/?p=16529#article","isPartOf":{"@id":"https:\/\/www.uptos.edu.ve\/?p=16529"},"author":{"name":"admin","@id":"\/#\/schema\/person\/d9a0af6eeb57e3cc32f7a97049b91e1a"},"headline":"LAS REDES SOCIALES DESDE LA PERSPECTIVA \u00c9TICA","datePublished":"2025-02-27T05:57:00+00:00","dateModified":"2025-03-01T22:05:19+00:00","mainEntityOfPage":{"@id":"https:\/\/www.uptos.edu.ve\/?p=16529"},"wordCount":172,"commentCount":0,"publisher":{"@id":"\/#organization"},"image":{"@id":"https:\/\/www.uptos.edu.ve\/?p=16529#primaryimage"},"thumbnailUrl":"https:\/\/www.uptos.edu.ve\/wp-content\/uploads\/2025\/02\/Las-redes-sociales-desde-la-perspectiva-etica-EDITADA.jpg","articleSection":["noticias y eventos"],"inLanguage":"es","potentialAction":[{"@type":"CommentAction","name":"Comment","target":["https:\/\/www.uptos.edu.ve\/?p=16529#respond"]}]},{"@type":"WebPage","@id":"https:\/\/www.uptos.edu.ve\/?p=16529","url":"https:\/\/www.uptos.edu.ve\/?p=16529","name":"LAS REDES SOCIALES DESDE LA PERSPECTIVA \u00c9TICA - UPTOS Clodosbaldo Russi\u00e1n","isPartOf":{"@id":"\/#website"},"primaryImageOfPage":{"@id":"https:\/\/www.uptos.edu.ve\/?p=16529#primaryimage"},"image":{"@id":"https:\/\/www.uptos.edu.ve\/?p=16529#primaryimage"},"thumbnailUrl":"https:\/\/www.uptos.edu.ve\/wp-content\/uploads\/2025\/02\/Las-redes-sociales-desde-la-perspectiva-etica-EDITADA.jpg","datePublished":"2025-02-27T05:57:00+00:00","dateModified":"2025-03-01T22:05:19+00:00","breadcrumb":{"@id":"https:\/\/www.uptos.edu.ve\/?p=16529#breadcrumb"},"inLanguage":"es","potentialAction":[{"@type":"ReadAction","target":["https:\/\/www.uptos.edu.ve\/?p=16529"]}]},{"@type":"ImageObject","inLanguage":"es","@id":"https:\/\/www.uptos.edu.ve\/?p=16529#primaryimage","url":"https:\/\/www.uptos.edu.ve\/wp-content\/uploads\/2025\/02\/Las-redes-sociales-desde-la-perspectiva-etica-EDITADA.jpg","contentUrl":"https:\/\/www.uptos.edu.ve\/wp-content\/uploads\/2025\/02\/Las-redes-sociales-desde-la-perspectiva-etica-EDITADA.jpg","width":900,"height":560},{"@type":"BreadcrumbList","@id":"https:\/\/www.uptos.edu.ve\/?p=16529#breadcrumb","itemListElement":[{"@type":"ListItem","position":1,"name":"Home","item":"https:\/\/www.uptos.edu.ve\/"},{"@type":"ListItem","position":2,"name":"LAS REDES SOCIALES DESDE LA PERSPECTIVA \u00c9TICA"}]},{"@type":"WebSite","@id":"\/#website","url":"\/","name":"UPTOS Clodosbaldo Russi\u00e1n","description":"Universidad Polit\u00e9cnica del Oeste de Sucre","publisher":{"@id":"\/#organization"},"potentialAction":[{"@type":"SearchAction","target":{"@type":"EntryPoint","urlTemplate":"\/?s={search_term_string}"},"query-input":{"@type":"PropertyValueSpecification","valueRequired":true,"valueName":"search_term_string"}}],"inLanguage":"es"},{"@type":"Organization","@id":"\/#organization","name":"UPTOS Clodosbaldo Russi\u00e1n","url":"\/","logo":{"@type":"ImageObject","inLanguage":"es","@id":"\/#\/schema\/logo\/image\/","url":"https:\/\/www.uptos.edu.ve\/wp-content\/uploads\/2026\/02\/cropped-cropped-WhatsApp-Image-2026-02-11-at-10.17.38-PM-1.jpeg","contentUrl":"https:\/\/www.uptos.edu.ve\/wp-content\/uploads\/2026\/02\/cropped-cropped-WhatsApp-Image-2026-02-11-at-10.17.38-PM-1.jpeg","width":1080,"height":73,"caption":"UPTOS Clodosbaldo Russi\u00e1n"},"image":{"@id":"\/#\/schema\/logo\/image\/"},"sameAs":["https:\/\/www.facebook.com\/people\/UPTOS-Clodosbaldo-Russin\/100070891114831\/","http:\/\/instagram.com\/uptoscr_oficial"]},{"@type":"Person","@id":"\/#\/schema\/person\/d9a0af6eeb57e3cc32f7a97049b91e1a","name":"admin","image":{"@type":"ImageObject","inLanguage":"es","@id":"https:\/\/secure.gravatar.com\/avatar\/dec82458c94c5f10d3b053c54896e2dc8f586d54b65abe6856eaf407592171b4?s=96&d=mm&r=g","url":"https:\/\/secure.gravatar.com\/avatar\/dec82458c94c5f10d3b053c54896e2dc8f586d54b65abe6856eaf407592171b4?s=96&d=mm&r=g","contentUrl":"https:\/\/secure.gravatar.com\/avatar\/dec82458c94c5f10d3b053c54896e2dc8f586d54b65abe6856eaf407592171b4?s=96&d=mm&r=g","caption":"admin"},"sameAs":["http:"],"url":"https:\/\/www.uptos.edu.ve\/?author=1"}]}},"_links":{"self":[{"href":"https:\/\/www.uptos.edu.ve\/index.php?rest_route=\/wp\/v2\/posts\/16529","targetHints":{"allow":["GET"]}}],"collection":[{"href":"https:\/\/www.uptos.edu.ve\/index.php?rest_route=\/wp\/v2\/posts"}],"about":[{"href":"https:\/\/www.uptos.edu.ve\/index.php?rest_route=\/wp\/v2\/types\/post"}],"author":[{"embeddable":true,"href":"https:\/\/www.uptos.edu.ve\/index.php?rest_route=\/wp\/v2\/users\/1"}],"replies":[{"embeddable":true,"href":"https:\/\/www.uptos.edu.ve\/index.php?rest_route=%2Fwp%2Fv2%2Fcomments&post=16529"}],"version-history":[{"count":4,"href":"https:\/\/www.uptos.edu.ve\/index.php?rest_route=\/wp\/v2\/posts\/16529\/revisions"}],"predecessor-version":[{"id":16535,"href":"https:\/\/www.uptos.edu.ve\/index.php?rest_route=\/wp\/v2\/posts\/16529\/revisions\/16535"}],"wp:featuredmedia":[{"embeddable":true,"href":"https:\/\/www.uptos.edu.ve\/index.php?rest_route=\/wp\/v2\/media\/16532"}],"wp:attachment":[{"href":"https:\/\/www.uptos.edu.ve\/index.php?rest_route=%2Fwp%2Fv2%2Fmedia&parent=16529"}],"wp:term":[{"taxonomy":"category","embeddable":true,"href":"https:\/\/www.uptos.edu.ve\/index.php?rest_route=%2Fwp%2Fv2%2Fcategories&post=16529"},{"taxonomy":"post_tag","embeddable":true,"href":"https:\/\/www.uptos.edu.ve\/index.php?rest_route=%2Fwp%2Fv2%2Ftags&post=16529"}],"curies":[{"name":"wp","href":"https:\/\/api.w.org\/{rel}","templated":true}]}}