{"id":15655,"date":"2024-10-10T11:54:34","date_gmt":"2024-10-10T15:54:34","guid":{"rendered":"https:\/\/www.uptos.edu.ve\/?p=15655"},"modified":"2024-10-10T11:56:26","modified_gmt":"2024-10-10T15:56:26","slug":"reunion-con-el-ministerio-de-trabajo-para-fortalecer-el-sistema-nacional-de-formacion-y-autoformacion-de-la-clase-obrera","status":"publish","type":"post","link":"https:\/\/www.uptos.edu.ve\/?p=15655","title":{"rendered":"Reuni\u00f3n con el Ministerio de Trabajo para Fortalecer el Sistema Nacional de Formaci\u00f3n y Autoformaci\u00f3n de la Clase Obrera"},"content":{"rendered":"\t\t<div data-elementor-type=\"wp-post\" data-elementor-id=\"15655\" class=\"elementor elementor-15655\">\n\t\t\t\t\t\t<section class=\"elementor-section elementor-top-section elementor-element elementor-element-1eb5181 elementor-section-boxed elementor-section-height-default elementor-section-height-default\" data-id=\"1eb5181\" data-element_type=\"section\" data-e-type=\"section\">\n\t\t\t\t\t\t<div class=\"elementor-container elementor-column-gap-default\">\n\t\t\t\t\t<div class=\"elementor-column elementor-col-100 elementor-top-column elementor-element elementor-element-2bac25c\" data-id=\"2bac25c\" data-element_type=\"column\" data-e-type=\"column\">\n\t\t\t<div class=\"elementor-widget-wrap elementor-element-populated\">\n\t\t\t\t\t\t<div class=\"elementor-element elementor-element-faf82dd elementor-widget elementor-widget-text-editor\" data-id=\"faf82dd\" data-element_type=\"widget\" data-e-type=\"widget\" data-widget_type=\"text-editor.default\">\n\t\t\t\t<div class=\"elementor-widget-container\">\n\t\t\t\t\t\t\t\t\t<p style=\"text-align: justify;\"><span style=\"color: #000000; font-size: 12pt;\">Reuni\u00f3n con el Ministerio de Trabajo para Fortalecer el Sistema Nacional de Formaci\u00f3n y Autoformaci\u00f3n de la Clase Obrera<\/span><\/p><p style=\"text-align: justify;\"><span style=\"color: #000000; font-size: 12pt;\">El pasado martes 8 de Octubre, se llev\u00f3 a cabo una reuni\u00f3n clave con el Ministerio de Trabajo, en la que se discuti\u00f3 el Sistema Nacional de Formaci\u00f3n y Autoformaci\u00f3n de la Clase Obrera. Este encuentro reuni\u00f3 a representantes de diversas \u00e1reas, incluyendo creaci\u00f3n intelectual y gesti\u00f3n curricular, con el objetivo de abordar temas cruciales relacionados con la acreditaci\u00f3n de saberes.<\/span><\/p><p style=\"text-align: justify;\"><span style=\"color: #000000; font-size: 12pt;\">La reuni\u00f3n cont\u00f3 con la presencia de los responsables de los PNF en Producci\u00f3n y Distribuci\u00f3n de Alimentos, Electricidad, Electr\u00f3nica e Instrumentaci\u00f3n y Control. Asimismo, estuvo presente el Vicerrector Acad\u00e9mico Prof. Antonio Curcu, el Ing Williams Figuera, Coordinador de PNF, la Dra. Yessy Graterol, Coordinadora de Gesti\u00f3n Curricular y Did\u00e1ctica, y la Dra. Iliana Jim\u00e9nez, Coordinadora de Investigaci\u00f3n y Creaci\u00f3n Intelectual.<\/span><\/p><p style=\"text-align: justify;\">\u00a0<\/p><p style=\"text-align: justify;\"><span style=\"color: #000000; font-size: 12pt;\">Durante la mesa de trabajo, se expusieron los procesos de experiencias productivas que se est\u00e1n desarrollando en las entidades de trabajo Conservas Alimenticias La Gaviota y Corpoelec.\u00a0<\/span><\/p><p style=\"text-align: justify;\"><span style=\"color: #000000; font-size: 12pt;\">Estas iniciativas buscan fortalecer la formaci\u00f3n y autoformaci\u00f3n de los trabajadores, garantizando que adquieran los saberes necesarios para su desarrollo profesional y personal.<\/span><\/p><p style=\"text-align: justify;\">\u00a0<\/p><p style=\"text-align: justify;\"><span style=\"color: #000000; font-size: 12pt;\">Somos pueblo!<\/span><\/p>\t\t\t\t\t\t\t\t<\/div>\n\t\t\t\t<\/div>\n\t\t\t\t\t<\/div>\n\t\t<\/div>\n\t\t\t\t\t<\/div>\n\t\t<\/section>\n\t\t\t\t<\/div>\n\t\t","protected":false},"excerpt":{"rendered":"<p>El pasado martes 8 de Octubre, se llev\u00f3 a cabo una reuni\u00f3n clave con el Ministerio de Trabajo, en la que se discuti\u00f3 el Sistema Nacional de Formaci\u00f3n y Autoformaci\u00f3n de la Clase Obrera.<\/p>\n","protected":false},"author":1,"featured_media":15657,"comment_status":"closed","ping_status":"open","sticky":false,"template":"","format":"standard","meta":{"_monsterinsights_skip_tracking":false,"_monsterinsights_sitenote_active":false,"_monsterinsights_sitenote_note":"","_monsterinsights_sitenote_category":0,"footnotes":""},"categories":[2],"tags":[],"class_list":["post-15655","post","type-post","status-publish","format-standard","has-post-thumbnail","hentry","category-noticias-y-eventos"],"gutentor_comment":0,"yoast_head":"<!-- This site is optimized with the Yoast SEO plugin v27.4 - https:\/\/yoast.com\/product\/yoast-seo-wordpress\/ -->\n<title>Reuni\u00f3n con el Ministerio de Trabajo para Fortalecer el Sistema Nacional de Formaci\u00f3n y Autoformaci\u00f3n de la Clase Obrera - UPTOS Clodosbaldo Russi\u00e1n<\/title>\n<meta name=\"robots\" content=\"index, follow, max-snippet:-1, max-image-preview:large, max-video-preview:-1\" \/>\n<link rel=\"canonical\" href=\"https:\/\/www.uptos.edu.ve\/?p=15655\" \/>\n<meta property=\"og:locale\" content=\"es_ES\" \/>\n<meta property=\"og:type\" content=\"article\" \/>\n<meta property=\"og:title\" content=\"Reuni\u00f3n con el Ministerio de Trabajo para Fortalecer el Sistema Nacional de Formaci\u00f3n y Autoformaci\u00f3n de la Clase Obrera - UPTOS Clodosbaldo Russi\u00e1n\" \/>\n<meta property=\"og:description\" content=\"El pasado martes 8 de Octubre, se llev\u00f3 a cabo una reuni\u00f3n clave con el Ministerio de Trabajo, en la que se discuti\u00f3 el Sistema Nacional de Formaci\u00f3n y Autoformaci\u00f3n de la Clase Obrera.\" \/>\n<meta property=\"og:url\" content=\"https:\/\/www.uptos.edu.ve\/?p=15655\" \/>\n<meta property=\"og:site_name\" content=\"UPTOS Clodosbaldo Russi\u00e1n\" \/>\n<meta property=\"article:publisher\" content=\"https:\/\/www.facebook.com\/people\/UPTOS-Clodosbaldo-Russin\/100070891114831\/\" \/>\n<meta property=\"article:published_time\" content=\"2024-10-10T15:54:34+00:00\" \/>\n<meta property=\"article:modified_time\" content=\"2024-10-10T15:56:26+00:00\" \/>\n<meta property=\"og:image\" content=\"https:\/\/www.uptos.edu.ve\/wp-content\/uploads\/2024\/10\/a2.jpg\" \/>\n\t<meta property=\"og:image:width\" content=\"898\" \/>\n\t<meta property=\"og:image:height\" content=\"560\" \/>\n\t<meta property=\"og:image:type\" content=\"image\/jpeg\" \/>\n<meta name=\"author\" content=\"admin\" \/>\n<meta name=\"twitter:card\" content=\"summary_large_image\" \/>\n<meta name=\"twitter:label1\" content=\"Escrito por\" \/>\n\t<meta name=\"twitter:data1\" content=\"admin\" \/>\n\t<meta name=\"twitter:label2\" content=\"Tiempo estimado de lectura\" \/>\n\t<meta name=\"twitter:data2\" content=\"2 minutos\" \/>\n<script type=\"application\/ld+json\" class=\"yoast-schema-graph\">{\"@context\":\"https:\\\/\\\/schema.org\",\"@graph\":[{\"@type\":\"Article\",\"@id\":\"https:\\\/\\\/www.uptos.edu.ve\\\/?p=15655#article\",\"isPartOf\":{\"@id\":\"https:\\\/\\\/www.uptos.edu.ve\\\/?p=15655\"},\"author\":{\"name\":\"admin\",\"@id\":\"\\\/#\\\/schema\\\/person\\\/d9a0af6eeb57e3cc32f7a97049b91e1a\"},\"headline\":\"Reuni\u00f3n con el Ministerio de Trabajo para Fortalecer el Sistema Nacional de Formaci\u00f3n y Autoformaci\u00f3n de la Clase Obrera\",\"datePublished\":\"2024-10-10T15:54:34+00:00\",\"dateModified\":\"2024-10-10T15:56:26+00:00\",\"mainEntityOfPage\":{\"@id\":\"https:\\\/\\\/www.uptos.edu.ve\\\/?p=15655\"},\"wordCount\":237,\"publisher\":{\"@id\":\"\\\/#organization\"},\"image\":{\"@id\":\"https:\\\/\\\/www.uptos.edu.ve\\\/?p=15655#primaryimage\"},\"thumbnailUrl\":\"https:\\\/\\\/www.uptos.edu.ve\\\/wp-content\\\/uploads\\\/2024\\\/10\\\/a2.jpg\",\"articleSection\":[\"noticias y eventos\"],\"inLanguage\":\"es\"},{\"@type\":\"WebPage\",\"@id\":\"https:\\\/\\\/www.uptos.edu.ve\\\/?p=15655\",\"url\":\"https:\\\/\\\/www.uptos.edu.ve\\\/?p=15655\",\"name\":\"Reuni\u00f3n con el Ministerio de Trabajo para Fortalecer el Sistema Nacional de Formaci\u00f3n y Autoformaci\u00f3n de la Clase Obrera - UPTOS Clodosbaldo Russi\u00e1n\",\"isPartOf\":{\"@id\":\"\\\/#website\"},\"primaryImageOfPage\":{\"@id\":\"https:\\\/\\\/www.uptos.edu.ve\\\/?p=15655#primaryimage\"},\"image\":{\"@id\":\"https:\\\/\\\/www.uptos.edu.ve\\\/?p=15655#primaryimage\"},\"thumbnailUrl\":\"https:\\\/\\\/www.uptos.edu.ve\\\/wp-content\\\/uploads\\\/2024\\\/10\\\/a2.jpg\",\"datePublished\":\"2024-10-10T15:54:34+00:00\",\"dateModified\":\"2024-10-10T15:56:26+00:00\",\"breadcrumb\":{\"@id\":\"https:\\\/\\\/www.uptos.edu.ve\\\/?p=15655#breadcrumb\"},\"inLanguage\":\"es\",\"potentialAction\":[{\"@type\":\"ReadAction\",\"target\":[\"https:\\\/\\\/www.uptos.edu.ve\\\/?p=15655\"]}]},{\"@type\":\"ImageObject\",\"inLanguage\":\"es\",\"@id\":\"https:\\\/\\\/www.uptos.edu.ve\\\/?p=15655#primaryimage\",\"url\":\"https:\\\/\\\/www.uptos.edu.ve\\\/wp-content\\\/uploads\\\/2024\\\/10\\\/a2.jpg\",\"contentUrl\":\"https:\\\/\\\/www.uptos.edu.ve\\\/wp-content\\\/uploads\\\/2024\\\/10\\\/a2.jpg\",\"width\":898,\"height\":560},{\"@type\":\"BreadcrumbList\",\"@id\":\"https:\\\/\\\/www.uptos.edu.ve\\\/?p=15655#breadcrumb\",\"itemListElement\":[{\"@type\":\"ListItem\",\"position\":1,\"name\":\"Home\",\"item\":\"https:\\\/\\\/www.uptos.edu.ve\\\/\"},{\"@type\":\"ListItem\",\"position\":2,\"name\":\"Reuni\u00f3n con el Ministerio de Trabajo para Fortalecer el Sistema Nacional de Formaci\u00f3n y Autoformaci\u00f3n de la Clase Obrera\"}]},{\"@type\":\"WebSite\",\"@id\":\"\\\/#website\",\"url\":\"\\\/\",\"name\":\"UPTOS Clodosbaldo Russi\u00e1n\",\"description\":\"Universidad Polit\u00e9cnica del Oeste de Sucre\",\"publisher\":{\"@id\":\"\\\/#organization\"},\"potentialAction\":[{\"@type\":\"SearchAction\",\"target\":{\"@type\":\"EntryPoint\",\"urlTemplate\":\"\\\/?s={search_term_string}\"},\"query-input\":{\"@type\":\"PropertyValueSpecification\",\"valueRequired\":true,\"valueName\":\"search_term_string\"}}],\"inLanguage\":\"es\"},{\"@type\":\"Organization\",\"@id\":\"\\\/#organization\",\"name\":\"UPTOS Clodosbaldo Russi\u00e1n\",\"url\":\"\\\/\",\"logo\":{\"@type\":\"ImageObject\",\"inLanguage\":\"es\",\"@id\":\"\\\/#\\\/schema\\\/logo\\\/image\\\/\",\"url\":\"https:\\\/\\\/www.uptos.edu.ve\\\/wp-content\\\/uploads\\\/2026\\\/02\\\/cropped-cropped-WhatsApp-Image-2026-02-11-at-10.17.38-PM-1.jpeg\",\"contentUrl\":\"https:\\\/\\\/www.uptos.edu.ve\\\/wp-content\\\/uploads\\\/2026\\\/02\\\/cropped-cropped-WhatsApp-Image-2026-02-11-at-10.17.38-PM-1.jpeg\",\"width\":1080,\"height\":73,\"caption\":\"UPTOS Clodosbaldo Russi\u00e1n\"},\"image\":{\"@id\":\"\\\/#\\\/schema\\\/logo\\\/image\\\/\"},\"sameAs\":[\"https:\\\/\\\/www.facebook.com\\\/people\\\/UPTOS-Clodosbaldo-Russin\\\/100070891114831\\\/\",\"http:\\\/\\\/instagram.com\\\/uptoscr_oficial\"]},{\"@type\":\"Person\",\"@id\":\"\\\/#\\\/schema\\\/person\\\/d9a0af6eeb57e3cc32f7a97049b91e1a\",\"name\":\"admin\",\"image\":{\"@type\":\"ImageObject\",\"inLanguage\":\"es\",\"@id\":\"https:\\\/\\\/secure.gravatar.com\\\/avatar\\\/dec82458c94c5f10d3b053c54896e2dc8f586d54b65abe6856eaf407592171b4?s=96&d=mm&r=g\",\"url\":\"https:\\\/\\\/secure.gravatar.com\\\/avatar\\\/dec82458c94c5f10d3b053c54896e2dc8f586d54b65abe6856eaf407592171b4?s=96&d=mm&r=g\",\"contentUrl\":\"https:\\\/\\\/secure.gravatar.com\\\/avatar\\\/dec82458c94c5f10d3b053c54896e2dc8f586d54b65abe6856eaf407592171b4?s=96&d=mm&r=g\",\"caption\":\"admin\"},\"sameAs\":[\"http:\"],\"url\":\"https:\\\/\\\/www.uptos.edu.ve\\\/?author=1\"}]}<\/script>\n<!-- \/ Yoast SEO plugin. -->","yoast_head_json":{"title":"Reuni\u00f3n con el Ministerio de Trabajo para Fortalecer el Sistema Nacional de Formaci\u00f3n y Autoformaci\u00f3n de la Clase Obrera - UPTOS Clodosbaldo Russi\u00e1n","robots":{"index":"index","follow":"follow","max-snippet":"max-snippet:-1","max-image-preview":"max-image-preview:large","max-video-preview":"max-video-preview:-1"},"canonical":"https:\/\/www.uptos.edu.ve\/?p=15655","og_locale":"es_ES","og_type":"article","og_title":"Reuni\u00f3n con el Ministerio de Trabajo para Fortalecer el Sistema Nacional de Formaci\u00f3n y Autoformaci\u00f3n de la Clase Obrera - UPTOS Clodosbaldo Russi\u00e1n","og_description":"El pasado martes 8 de Octubre, se llev\u00f3 a cabo una reuni\u00f3n clave con el Ministerio de Trabajo, en la que se discuti\u00f3 el Sistema Nacional de Formaci\u00f3n y Autoformaci\u00f3n de la Clase Obrera.","og_url":"https:\/\/www.uptos.edu.ve\/?p=15655","og_site_name":"UPTOS Clodosbaldo Russi\u00e1n","article_publisher":"https:\/\/www.facebook.com\/people\/UPTOS-Clodosbaldo-Russin\/100070891114831\/","article_published_time":"2024-10-10T15:54:34+00:00","article_modified_time":"2024-10-10T15:56:26+00:00","og_image":[{"width":898,"height":560,"url":"https:\/\/www.uptos.edu.ve\/wp-content\/uploads\/2024\/10\/a2.jpg","type":"image\/jpeg"}],"author":"admin","twitter_card":"summary_large_image","twitter_misc":{"Escrito por":"admin","Tiempo estimado de lectura":"2 minutos"},"schema":{"@context":"https:\/\/schema.org","@graph":[{"@type":"Article","@id":"https:\/\/www.uptos.edu.ve\/?p=15655#article","isPartOf":{"@id":"https:\/\/www.uptos.edu.ve\/?p=15655"},"author":{"name":"admin","@id":"\/#\/schema\/person\/d9a0af6eeb57e3cc32f7a97049b91e1a"},"headline":"Reuni\u00f3n con el Ministerio de Trabajo para Fortalecer el Sistema Nacional de Formaci\u00f3n y Autoformaci\u00f3n de la Clase Obrera","datePublished":"2024-10-10T15:54:34+00:00","dateModified":"2024-10-10T15:56:26+00:00","mainEntityOfPage":{"@id":"https:\/\/www.uptos.edu.ve\/?p=15655"},"wordCount":237,"publisher":{"@id":"\/#organization"},"image":{"@id":"https:\/\/www.uptos.edu.ve\/?p=15655#primaryimage"},"thumbnailUrl":"https:\/\/www.uptos.edu.ve\/wp-content\/uploads\/2024\/10\/a2.jpg","articleSection":["noticias y eventos"],"inLanguage":"es"},{"@type":"WebPage","@id":"https:\/\/www.uptos.edu.ve\/?p=15655","url":"https:\/\/www.uptos.edu.ve\/?p=15655","name":"Reuni\u00f3n con el Ministerio de Trabajo para Fortalecer el Sistema Nacional de Formaci\u00f3n y Autoformaci\u00f3n de la Clase Obrera - UPTOS Clodosbaldo Russi\u00e1n","isPartOf":{"@id":"\/#website"},"primaryImageOfPage":{"@id":"https:\/\/www.uptos.edu.ve\/?p=15655#primaryimage"},"image":{"@id":"https:\/\/www.uptos.edu.ve\/?p=15655#primaryimage"},"thumbnailUrl":"https:\/\/www.uptos.edu.ve\/wp-content\/uploads\/2024\/10\/a2.jpg","datePublished":"2024-10-10T15:54:34+00:00","dateModified":"2024-10-10T15:56:26+00:00","breadcrumb":{"@id":"https:\/\/www.uptos.edu.ve\/?p=15655#breadcrumb"},"inLanguage":"es","potentialAction":[{"@type":"ReadAction","target":["https:\/\/www.uptos.edu.ve\/?p=15655"]}]},{"@type":"ImageObject","inLanguage":"es","@id":"https:\/\/www.uptos.edu.ve\/?p=15655#primaryimage","url":"https:\/\/www.uptos.edu.ve\/wp-content\/uploads\/2024\/10\/a2.jpg","contentUrl":"https:\/\/www.uptos.edu.ve\/wp-content\/uploads\/2024\/10\/a2.jpg","width":898,"height":560},{"@type":"BreadcrumbList","@id":"https:\/\/www.uptos.edu.ve\/?p=15655#breadcrumb","itemListElement":[{"@type":"ListItem","position":1,"name":"Home","item":"https:\/\/www.uptos.edu.ve\/"},{"@type":"ListItem","position":2,"name":"Reuni\u00f3n con el Ministerio de Trabajo para Fortalecer el Sistema Nacional de Formaci\u00f3n y Autoformaci\u00f3n de la Clase Obrera"}]},{"@type":"WebSite","@id":"\/#website","url":"\/","name":"UPTOS Clodosbaldo Russi\u00e1n","description":"Universidad Polit\u00e9cnica del Oeste de Sucre","publisher":{"@id":"\/#organization"},"potentialAction":[{"@type":"SearchAction","target":{"@type":"EntryPoint","urlTemplate":"\/?s={search_term_string}"},"query-input":{"@type":"PropertyValueSpecification","valueRequired":true,"valueName":"search_term_string"}}],"inLanguage":"es"},{"@type":"Organization","@id":"\/#organization","name":"UPTOS Clodosbaldo Russi\u00e1n","url":"\/","logo":{"@type":"ImageObject","inLanguage":"es","@id":"\/#\/schema\/logo\/image\/","url":"https:\/\/www.uptos.edu.ve\/wp-content\/uploads\/2026\/02\/cropped-cropped-WhatsApp-Image-2026-02-11-at-10.17.38-PM-1.jpeg","contentUrl":"https:\/\/www.uptos.edu.ve\/wp-content\/uploads\/2026\/02\/cropped-cropped-WhatsApp-Image-2026-02-11-at-10.17.38-PM-1.jpeg","width":1080,"height":73,"caption":"UPTOS Clodosbaldo Russi\u00e1n"},"image":{"@id":"\/#\/schema\/logo\/image\/"},"sameAs":["https:\/\/www.facebook.com\/people\/UPTOS-Clodosbaldo-Russin\/100070891114831\/","http:\/\/instagram.com\/uptoscr_oficial"]},{"@type":"Person","@id":"\/#\/schema\/person\/d9a0af6eeb57e3cc32f7a97049b91e1a","name":"admin","image":{"@type":"ImageObject","inLanguage":"es","@id":"https:\/\/secure.gravatar.com\/avatar\/dec82458c94c5f10d3b053c54896e2dc8f586d54b65abe6856eaf407592171b4?s=96&d=mm&r=g","url":"https:\/\/secure.gravatar.com\/avatar\/dec82458c94c5f10d3b053c54896e2dc8f586d54b65abe6856eaf407592171b4?s=96&d=mm&r=g","contentUrl":"https:\/\/secure.gravatar.com\/avatar\/dec82458c94c5f10d3b053c54896e2dc8f586d54b65abe6856eaf407592171b4?s=96&d=mm&r=g","caption":"admin"},"sameAs":["http:"],"url":"https:\/\/www.uptos.edu.ve\/?author=1"}]}},"_links":{"self":[{"href":"https:\/\/www.uptos.edu.ve\/index.php?rest_route=\/wp\/v2\/posts\/15655","targetHints":{"allow":["GET"]}}],"collection":[{"href":"https:\/\/www.uptos.edu.ve\/index.php?rest_route=\/wp\/v2\/posts"}],"about":[{"href":"https:\/\/www.uptos.edu.ve\/index.php?rest_route=\/wp\/v2\/types\/post"}],"author":[{"embeddable":true,"href":"https:\/\/www.uptos.edu.ve\/index.php?rest_route=\/wp\/v2\/users\/1"}],"replies":[{"embeddable":true,"href":"https:\/\/www.uptos.edu.ve\/index.php?rest_route=%2Fwp%2Fv2%2Fcomments&post=15655"}],"version-history":[{"count":5,"href":"https:\/\/www.uptos.edu.ve\/index.php?rest_route=\/wp\/v2\/posts\/15655\/revisions"}],"predecessor-version":[{"id":15661,"href":"https:\/\/www.uptos.edu.ve\/index.php?rest_route=\/wp\/v2\/posts\/15655\/revisions\/15661"}],"wp:featuredmedia":[{"embeddable":true,"href":"https:\/\/www.uptos.edu.ve\/index.php?rest_route=\/wp\/v2\/media\/15657"}],"wp:attachment":[{"href":"https:\/\/www.uptos.edu.ve\/index.php?rest_route=%2Fwp%2Fv2%2Fmedia&parent=15655"}],"wp:term":[{"taxonomy":"category","embeddable":true,"href":"https:\/\/www.uptos.edu.ve\/index.php?rest_route=%2Fwp%2Fv2%2Fcategories&post=15655"},{"taxonomy":"post_tag","embeddable":true,"href":"https:\/\/www.uptos.edu.ve\/index.php?rest_route=%2Fwp%2Fv2%2Ftags&post=15655"}],"curies":[{"name":"wp","href":"https:\/\/api.w.org\/{rel}","templated":true}]}}