{"id":13800,"date":"2024-05-02T22:42:20","date_gmt":"2024-05-03T02:42:20","guid":{"rendered":"https:\/\/www.uptos.edu.ve\/?p=13800"},"modified":"2024-05-02T22:52:12","modified_gmt":"2024-05-03T02:52:12","slug":"foro-conmemorativo-22-anos-del-golpe-fascista-en-venezuela","status":"publish","type":"post","link":"https:\/\/www.uptos.edu.ve\/?p=13800","title":{"rendered":"\u00abForo Conmemorativo: 22 A\u00f1os del Golpe Fascista en Venezuela\u00bb"},"content":{"rendered":"\t\t<div data-elementor-type=\"wp-post\" data-elementor-id=\"13800\" class=\"elementor elementor-13800\">\n\t\t\t\t\t\t<section class=\"elementor-section elementor-top-section elementor-element elementor-element-3a7f593 elementor-section-boxed elementor-section-height-default elementor-section-height-default\" data-id=\"3a7f593\" data-element_type=\"section\" data-e-type=\"section\">\n\t\t\t\t\t\t<div class=\"elementor-container elementor-column-gap-default\">\n\t\t\t\t\t<div class=\"elementor-column elementor-col-100 elementor-top-column elementor-element elementor-element-8bd8046\" data-id=\"8bd8046\" data-element_type=\"column\" data-e-type=\"column\">\n\t\t\t<div class=\"elementor-widget-wrap elementor-element-populated\">\n\t\t\t\t\t\t<div class=\"elementor-element elementor-element-5600153 elementor-widget elementor-widget-text-editor\" data-id=\"5600153\" data-element_type=\"widget\" data-e-type=\"widget\" data-widget_type=\"text-editor.default\">\n\t\t\t\t<div class=\"elementor-widget-container\">\n\t\t\t\t\t\t\t\t\t<p style=\"text-align: justify;\"><span style=\"color: #000000; font-size: 12pt; font-family: arial, helvetica, sans-serif;\">Hoy 12 de abril, personal de la Universidad Polit\u00e9cnica Territorial del Oeste de Sucre \u00abClodosbaldo Russi\u00e1n\u00bb asistieron al Foro conmemorativo de los 22 a\u00f1os del golpe fascista contra Venezuela. El evento, que tuvo lugar en la sede del CLES ubicado en la ciudad de Cuman\u00e1, se centr\u00f3 en la memoria hist\u00f3rica y la lucha contra la opresi\u00f3n fascista.<\/span><br \/><br \/><span style=\"color: #000000; font-size: 12pt; font-family: arial, helvetica, sans-serif;\">La UPTOS reafirma su compromiso con la defensa de los derechos humanos, la democracia y la justicia social, y seguir\u00e1 trabajando incansablemente para promover un futuro libre de cualquier forma de totalitarismo y fascismo en Venezuela y en el mundo.<\/span><\/p>\t\t\t\t\t\t\t\t<\/div>\n\t\t\t\t<\/div>\n\t\t\t\t\t<\/div>\n\t\t<\/div>\n\t\t\t\t\t<\/div>\n\t\t<\/section>\n\t\t\t\t<\/div>\n\t\t","protected":false},"excerpt":{"rendered":"<p>Hoy, 12 de abril, el personal de la Universidad Polit\u00e9cnica Territorial del Oeste de Sucre \u00abClodosbaldo Russi\u00e1n\u00bb se reuni\u00f3 en el Foro Conmemorativo de los 22 a\u00f1os del golpe fascista contra Venezuela. El evento, celebrado en la sede del CLES en la ciudad de Cuman\u00e1, estuvo marcado por la reflexi\u00f3n sobre la memoria hist\u00f3rica y la firme determinaci\u00f3n en la lucha contra la opresi\u00f3n fascista.<\/p>\n","protected":false},"author":1,"featured_media":13801,"comment_status":"closed","ping_status":"open","sticky":false,"template":"","format":"standard","meta":{"_monsterinsights_skip_tracking":false,"_monsterinsights_sitenote_active":false,"_monsterinsights_sitenote_note":"","_monsterinsights_sitenote_category":0,"footnotes":""},"categories":[2],"tags":[],"class_list":["post-13800","post","type-post","status-publish","format-standard","has-post-thumbnail","hentry","category-noticias-y-eventos"],"gutentor_comment":0,"yoast_head":"<!-- This site is optimized with the Yoast SEO plugin v27.4 - https:\/\/yoast.com\/product\/yoast-seo-wordpress\/ -->\n<title>&quot;Foro Conmemorativo: 22 A\u00f1os del Golpe Fascista en Venezuela&quot; - UPTOS Clodosbaldo Russi\u00e1n<\/title>\n<meta name=\"robots\" content=\"index, follow, max-snippet:-1, max-image-preview:large, max-video-preview:-1\" \/>\n<link rel=\"canonical\" href=\"https:\/\/www.uptos.edu.ve\/?p=13800\" \/>\n<meta property=\"og:locale\" content=\"es_ES\" \/>\n<meta property=\"og:type\" content=\"article\" \/>\n<meta property=\"og:title\" content=\"&quot;Foro Conmemorativo: 22 A\u00f1os del Golpe Fascista en Venezuela&quot; - UPTOS Clodosbaldo Russi\u00e1n\" \/>\n<meta property=\"og:description\" content=\"Hoy, 12 de abril, el personal de la Universidad Polit\u00e9cnica Territorial del Oeste de Sucre &quot;Clodosbaldo Russi\u00e1n&quot; se reuni\u00f3 en el Foro Conmemorativo de los 22 a\u00f1os del golpe fascista contra Venezuela. El evento, celebrado en la sede del CLES en la ciudad de Cuman\u00e1, estuvo marcado por la reflexi\u00f3n sobre la memoria hist\u00f3rica y la firme determinaci\u00f3n en la lucha contra la opresi\u00f3n fascista.\" \/>\n<meta property=\"og:url\" content=\"https:\/\/www.uptos.edu.ve\/?p=13800\" \/>\n<meta property=\"og:site_name\" content=\"UPTOS Clodosbaldo Russi\u00e1n\" \/>\n<meta property=\"article:publisher\" content=\"https:\/\/www.facebook.com\/people\/UPTOS-Clodosbaldo-Russin\/100070891114831\/\" \/>\n<meta property=\"article:published_time\" content=\"2024-05-03T02:42:20+00:00\" \/>\n<meta property=\"article:modified_time\" content=\"2024-05-03T02:52:12+00:00\" \/>\n<meta property=\"og:image\" content=\"https:\/\/www.uptos.edu.ve\/wp-content\/uploads\/2024\/05\/cles.png\" \/>\n\t<meta property=\"og:image:width\" content=\"900\" \/>\n\t<meta property=\"og:image:height\" content=\"560\" \/>\n\t<meta property=\"og:image:type\" content=\"image\/png\" \/>\n<meta name=\"author\" content=\"admin\" \/>\n<meta name=\"twitter:card\" content=\"summary_large_image\" \/>\n<meta name=\"twitter:label1\" content=\"Escrito por\" \/>\n\t<meta name=\"twitter:data1\" content=\"admin\" \/>\n\t<meta name=\"twitter:label2\" content=\"Tiempo estimado de lectura\" \/>\n\t<meta name=\"twitter:data2\" content=\"1 minuto\" \/>\n<script type=\"application\/ld+json\" class=\"yoast-schema-graph\">{\"@context\":\"https:\\\/\\\/schema.org\",\"@graph\":[{\"@type\":\"Article\",\"@id\":\"https:\\\/\\\/www.uptos.edu.ve\\\/?p=13800#article\",\"isPartOf\":{\"@id\":\"https:\\\/\\\/www.uptos.edu.ve\\\/?p=13800\"},\"author\":{\"name\":\"admin\",\"@id\":\"\\\/#\\\/schema\\\/person\\\/d9a0af6eeb57e3cc32f7a97049b91e1a\"},\"headline\":\"\u00abForo Conmemorativo: 22 A\u00f1os del Golpe Fascista en Venezuela\u00bb\",\"datePublished\":\"2024-05-03T02:42:20+00:00\",\"dateModified\":\"2024-05-03T02:52:12+00:00\",\"mainEntityOfPage\":{\"@id\":\"https:\\\/\\\/www.uptos.edu.ve\\\/?p=13800\"},\"wordCount\":110,\"publisher\":{\"@id\":\"\\\/#organization\"},\"image\":{\"@id\":\"https:\\\/\\\/www.uptos.edu.ve\\\/?p=13800#primaryimage\"},\"thumbnailUrl\":\"https:\\\/\\\/www.uptos.edu.ve\\\/wp-content\\\/uploads\\\/2024\\\/05\\\/cles.png\",\"articleSection\":[\"noticias y eventos\"],\"inLanguage\":\"es\"},{\"@type\":\"WebPage\",\"@id\":\"https:\\\/\\\/www.uptos.edu.ve\\\/?p=13800\",\"url\":\"https:\\\/\\\/www.uptos.edu.ve\\\/?p=13800\",\"name\":\"\\\"Foro Conmemorativo: 22 A\u00f1os del Golpe Fascista en Venezuela\\\" - UPTOS Clodosbaldo Russi\u00e1n\",\"isPartOf\":{\"@id\":\"\\\/#website\"},\"primaryImageOfPage\":{\"@id\":\"https:\\\/\\\/www.uptos.edu.ve\\\/?p=13800#primaryimage\"},\"image\":{\"@id\":\"https:\\\/\\\/www.uptos.edu.ve\\\/?p=13800#primaryimage\"},\"thumbnailUrl\":\"https:\\\/\\\/www.uptos.edu.ve\\\/wp-content\\\/uploads\\\/2024\\\/05\\\/cles.png\",\"datePublished\":\"2024-05-03T02:42:20+00:00\",\"dateModified\":\"2024-05-03T02:52:12+00:00\",\"breadcrumb\":{\"@id\":\"https:\\\/\\\/www.uptos.edu.ve\\\/?p=13800#breadcrumb\"},\"inLanguage\":\"es\",\"potentialAction\":[{\"@type\":\"ReadAction\",\"target\":[\"https:\\\/\\\/www.uptos.edu.ve\\\/?p=13800\"]}]},{\"@type\":\"ImageObject\",\"inLanguage\":\"es\",\"@id\":\"https:\\\/\\\/www.uptos.edu.ve\\\/?p=13800#primaryimage\",\"url\":\"https:\\\/\\\/www.uptos.edu.ve\\\/wp-content\\\/uploads\\\/2024\\\/05\\\/cles.png\",\"contentUrl\":\"https:\\\/\\\/www.uptos.edu.ve\\\/wp-content\\\/uploads\\\/2024\\\/05\\\/cles.png\",\"width\":900,\"height\":560},{\"@type\":\"BreadcrumbList\",\"@id\":\"https:\\\/\\\/www.uptos.edu.ve\\\/?p=13800#breadcrumb\",\"itemListElement\":[{\"@type\":\"ListItem\",\"position\":1,\"name\":\"Home\",\"item\":\"https:\\\/\\\/www.uptos.edu.ve\\\/\"},{\"@type\":\"ListItem\",\"position\":2,\"name\":\"\u00abForo Conmemorativo: 22 A\u00f1os del Golpe Fascista en Venezuela\u00bb\"}]},{\"@type\":\"WebSite\",\"@id\":\"\\\/#website\",\"url\":\"\\\/\",\"name\":\"UPTOS Clodosbaldo Russi\u00e1n\",\"description\":\"Universidad Polit\u00e9cnica del Oeste de Sucre\",\"publisher\":{\"@id\":\"\\\/#organization\"},\"potentialAction\":[{\"@type\":\"SearchAction\",\"target\":{\"@type\":\"EntryPoint\",\"urlTemplate\":\"\\\/?s={search_term_string}\"},\"query-input\":{\"@type\":\"PropertyValueSpecification\",\"valueRequired\":true,\"valueName\":\"search_term_string\"}}],\"inLanguage\":\"es\"},{\"@type\":\"Organization\",\"@id\":\"\\\/#organization\",\"name\":\"UPTOS Clodosbaldo Russi\u00e1n\",\"url\":\"\\\/\",\"logo\":{\"@type\":\"ImageObject\",\"inLanguage\":\"es\",\"@id\":\"\\\/#\\\/schema\\\/logo\\\/image\\\/\",\"url\":\"https:\\\/\\\/www.uptos.edu.ve\\\/wp-content\\\/uploads\\\/2026\\\/02\\\/cropped-cropped-WhatsApp-Image-2026-02-11-at-10.17.38-PM-1.jpeg\",\"contentUrl\":\"https:\\\/\\\/www.uptos.edu.ve\\\/wp-content\\\/uploads\\\/2026\\\/02\\\/cropped-cropped-WhatsApp-Image-2026-02-11-at-10.17.38-PM-1.jpeg\",\"width\":1080,\"height\":73,\"caption\":\"UPTOS Clodosbaldo Russi\u00e1n\"},\"image\":{\"@id\":\"\\\/#\\\/schema\\\/logo\\\/image\\\/\"},\"sameAs\":[\"https:\\\/\\\/www.facebook.com\\\/people\\\/UPTOS-Clodosbaldo-Russin\\\/100070891114831\\\/\",\"http:\\\/\\\/instagram.com\\\/uptoscr_oficial\"]},{\"@type\":\"Person\",\"@id\":\"\\\/#\\\/schema\\\/person\\\/d9a0af6eeb57e3cc32f7a97049b91e1a\",\"name\":\"admin\",\"image\":{\"@type\":\"ImageObject\",\"inLanguage\":\"es\",\"@id\":\"https:\\\/\\\/secure.gravatar.com\\\/avatar\\\/dec82458c94c5f10d3b053c54896e2dc8f586d54b65abe6856eaf407592171b4?s=96&d=mm&r=g\",\"url\":\"https:\\\/\\\/secure.gravatar.com\\\/avatar\\\/dec82458c94c5f10d3b053c54896e2dc8f586d54b65abe6856eaf407592171b4?s=96&d=mm&r=g\",\"contentUrl\":\"https:\\\/\\\/secure.gravatar.com\\\/avatar\\\/dec82458c94c5f10d3b053c54896e2dc8f586d54b65abe6856eaf407592171b4?s=96&d=mm&r=g\",\"caption\":\"admin\"},\"sameAs\":[\"http:\"],\"url\":\"https:\\\/\\\/www.uptos.edu.ve\\\/?author=1\"}]}<\/script>\n<!-- \/ Yoast SEO plugin. -->","yoast_head_json":{"title":"\"Foro Conmemorativo: 22 A\u00f1os del Golpe Fascista en Venezuela\" - UPTOS Clodosbaldo Russi\u00e1n","robots":{"index":"index","follow":"follow","max-snippet":"max-snippet:-1","max-image-preview":"max-image-preview:large","max-video-preview":"max-video-preview:-1"},"canonical":"https:\/\/www.uptos.edu.ve\/?p=13800","og_locale":"es_ES","og_type":"article","og_title":"\"Foro Conmemorativo: 22 A\u00f1os del Golpe Fascista en Venezuela\" - UPTOS Clodosbaldo Russi\u00e1n","og_description":"Hoy, 12 de abril, el personal de la Universidad Polit\u00e9cnica Territorial del Oeste de Sucre \"Clodosbaldo Russi\u00e1n\" se reuni\u00f3 en el Foro Conmemorativo de los 22 a\u00f1os del golpe fascista contra Venezuela. El evento, celebrado en la sede del CLES en la ciudad de Cuman\u00e1, estuvo marcado por la reflexi\u00f3n sobre la memoria hist\u00f3rica y la firme determinaci\u00f3n en la lucha contra la opresi\u00f3n fascista.","og_url":"https:\/\/www.uptos.edu.ve\/?p=13800","og_site_name":"UPTOS Clodosbaldo Russi\u00e1n","article_publisher":"https:\/\/www.facebook.com\/people\/UPTOS-Clodosbaldo-Russin\/100070891114831\/","article_published_time":"2024-05-03T02:42:20+00:00","article_modified_time":"2024-05-03T02:52:12+00:00","og_image":[{"width":900,"height":560,"url":"https:\/\/www.uptos.edu.ve\/wp-content\/uploads\/2024\/05\/cles.png","type":"image\/png"}],"author":"admin","twitter_card":"summary_large_image","twitter_misc":{"Escrito por":"admin","Tiempo estimado de lectura":"1 minuto"},"schema":{"@context":"https:\/\/schema.org","@graph":[{"@type":"Article","@id":"https:\/\/www.uptos.edu.ve\/?p=13800#article","isPartOf":{"@id":"https:\/\/www.uptos.edu.ve\/?p=13800"},"author":{"name":"admin","@id":"\/#\/schema\/person\/d9a0af6eeb57e3cc32f7a97049b91e1a"},"headline":"\u00abForo Conmemorativo: 22 A\u00f1os del Golpe Fascista en Venezuela\u00bb","datePublished":"2024-05-03T02:42:20+00:00","dateModified":"2024-05-03T02:52:12+00:00","mainEntityOfPage":{"@id":"https:\/\/www.uptos.edu.ve\/?p=13800"},"wordCount":110,"publisher":{"@id":"\/#organization"},"image":{"@id":"https:\/\/www.uptos.edu.ve\/?p=13800#primaryimage"},"thumbnailUrl":"https:\/\/www.uptos.edu.ve\/wp-content\/uploads\/2024\/05\/cles.png","articleSection":["noticias y eventos"],"inLanguage":"es"},{"@type":"WebPage","@id":"https:\/\/www.uptos.edu.ve\/?p=13800","url":"https:\/\/www.uptos.edu.ve\/?p=13800","name":"\"Foro Conmemorativo: 22 A\u00f1os del Golpe Fascista en Venezuela\" - UPTOS Clodosbaldo Russi\u00e1n","isPartOf":{"@id":"\/#website"},"primaryImageOfPage":{"@id":"https:\/\/www.uptos.edu.ve\/?p=13800#primaryimage"},"image":{"@id":"https:\/\/www.uptos.edu.ve\/?p=13800#primaryimage"},"thumbnailUrl":"https:\/\/www.uptos.edu.ve\/wp-content\/uploads\/2024\/05\/cles.png","datePublished":"2024-05-03T02:42:20+00:00","dateModified":"2024-05-03T02:52:12+00:00","breadcrumb":{"@id":"https:\/\/www.uptos.edu.ve\/?p=13800#breadcrumb"},"inLanguage":"es","potentialAction":[{"@type":"ReadAction","target":["https:\/\/www.uptos.edu.ve\/?p=13800"]}]},{"@type":"ImageObject","inLanguage":"es","@id":"https:\/\/www.uptos.edu.ve\/?p=13800#primaryimage","url":"https:\/\/www.uptos.edu.ve\/wp-content\/uploads\/2024\/05\/cles.png","contentUrl":"https:\/\/www.uptos.edu.ve\/wp-content\/uploads\/2024\/05\/cles.png","width":900,"height":560},{"@type":"BreadcrumbList","@id":"https:\/\/www.uptos.edu.ve\/?p=13800#breadcrumb","itemListElement":[{"@type":"ListItem","position":1,"name":"Home","item":"https:\/\/www.uptos.edu.ve\/"},{"@type":"ListItem","position":2,"name":"\u00abForo Conmemorativo: 22 A\u00f1os del Golpe Fascista en Venezuela\u00bb"}]},{"@type":"WebSite","@id":"\/#website","url":"\/","name":"UPTOS Clodosbaldo Russi\u00e1n","description":"Universidad Polit\u00e9cnica del Oeste de Sucre","publisher":{"@id":"\/#organization"},"potentialAction":[{"@type":"SearchAction","target":{"@type":"EntryPoint","urlTemplate":"\/?s={search_term_string}"},"query-input":{"@type":"PropertyValueSpecification","valueRequired":true,"valueName":"search_term_string"}}],"inLanguage":"es"},{"@type":"Organization","@id":"\/#organization","name":"UPTOS Clodosbaldo Russi\u00e1n","url":"\/","logo":{"@type":"ImageObject","inLanguage":"es","@id":"\/#\/schema\/logo\/image\/","url":"https:\/\/www.uptos.edu.ve\/wp-content\/uploads\/2026\/02\/cropped-cropped-WhatsApp-Image-2026-02-11-at-10.17.38-PM-1.jpeg","contentUrl":"https:\/\/www.uptos.edu.ve\/wp-content\/uploads\/2026\/02\/cropped-cropped-WhatsApp-Image-2026-02-11-at-10.17.38-PM-1.jpeg","width":1080,"height":73,"caption":"UPTOS Clodosbaldo Russi\u00e1n"},"image":{"@id":"\/#\/schema\/logo\/image\/"},"sameAs":["https:\/\/www.facebook.com\/people\/UPTOS-Clodosbaldo-Russin\/100070891114831\/","http:\/\/instagram.com\/uptoscr_oficial"]},{"@type":"Person","@id":"\/#\/schema\/person\/d9a0af6eeb57e3cc32f7a97049b91e1a","name":"admin","image":{"@type":"ImageObject","inLanguage":"es","@id":"https:\/\/secure.gravatar.com\/avatar\/dec82458c94c5f10d3b053c54896e2dc8f586d54b65abe6856eaf407592171b4?s=96&d=mm&r=g","url":"https:\/\/secure.gravatar.com\/avatar\/dec82458c94c5f10d3b053c54896e2dc8f586d54b65abe6856eaf407592171b4?s=96&d=mm&r=g","contentUrl":"https:\/\/secure.gravatar.com\/avatar\/dec82458c94c5f10d3b053c54896e2dc8f586d54b65abe6856eaf407592171b4?s=96&d=mm&r=g","caption":"admin"},"sameAs":["http:"],"url":"https:\/\/www.uptos.edu.ve\/?author=1"}]}},"_links":{"self":[{"href":"https:\/\/www.uptos.edu.ve\/index.php?rest_route=\/wp\/v2\/posts\/13800","targetHints":{"allow":["GET"]}}],"collection":[{"href":"https:\/\/www.uptos.edu.ve\/index.php?rest_route=\/wp\/v2\/posts"}],"about":[{"href":"https:\/\/www.uptos.edu.ve\/index.php?rest_route=\/wp\/v2\/types\/post"}],"author":[{"embeddable":true,"href":"https:\/\/www.uptos.edu.ve\/index.php?rest_route=\/wp\/v2\/users\/1"}],"replies":[{"embeddable":true,"href":"https:\/\/www.uptos.edu.ve\/index.php?rest_route=%2Fwp%2Fv2%2Fcomments&post=13800"}],"version-history":[{"count":3,"href":"https:\/\/www.uptos.edu.ve\/index.php?rest_route=\/wp\/v2\/posts\/13800\/revisions"}],"predecessor-version":[{"id":13804,"href":"https:\/\/www.uptos.edu.ve\/index.php?rest_route=\/wp\/v2\/posts\/13800\/revisions\/13804"}],"wp:featuredmedia":[{"embeddable":true,"href":"https:\/\/www.uptos.edu.ve\/index.php?rest_route=\/wp\/v2\/media\/13801"}],"wp:attachment":[{"href":"https:\/\/www.uptos.edu.ve\/index.php?rest_route=%2Fwp%2Fv2%2Fmedia&parent=13800"}],"wp:term":[{"taxonomy":"category","embeddable":true,"href":"https:\/\/www.uptos.edu.ve\/index.php?rest_route=%2Fwp%2Fv2%2Fcategories&post=13800"},{"taxonomy":"post_tag","embeddable":true,"href":"https:\/\/www.uptos.edu.ve\/index.php?rest_route=%2Fwp%2Fv2%2Ftags&post=13800"}],"curies":[{"name":"wp","href":"https:\/\/api.w.org\/{rel}","templated":true}]}}