{"id":12680,"date":"2024-01-30T19:37:02","date_gmt":"2024-01-30T23:37:02","guid":{"rendered":"https:\/\/www.uptos.edu.ve\/?p=12680"},"modified":"2024-01-30T23:59:32","modified_gmt":"2024-01-31T03:59:32","slug":"celebracion-de-los-242-anos-del-natalicio-del-general-jose-francisco-bermudez","status":"publish","type":"post","link":"https:\/\/www.uptos.edu.ve\/?p=12680","title":{"rendered":"Celebraci\u00f3n de los 242 A\u00f1os del Natalicio del General, Jos\u00e9 Francisco Berm\u00fadez"},"content":{"rendered":"\t\t<div data-elementor-type=\"wp-post\" data-elementor-id=\"12680\" class=\"elementor elementor-12680\">\n\t\t\t\t\t\t<section class=\"elementor-section elementor-top-section elementor-element elementor-element-f246003 elementor-section-boxed elementor-section-height-default elementor-section-height-default\" data-id=\"f246003\" data-element_type=\"section\" data-e-type=\"section\">\n\t\t\t\t\t\t<div class=\"elementor-container elementor-column-gap-default\">\n\t\t\t\t\t<div class=\"elementor-column elementor-col-100 elementor-top-column elementor-element elementor-element-6aca022\" data-id=\"6aca022\" data-element_type=\"column\" data-e-type=\"column\">\n\t\t\t<div class=\"elementor-widget-wrap elementor-element-populated\">\n\t\t\t\t\t\t<div class=\"elementor-element elementor-element-c9777e8 elementor-widget elementor-widget-text-editor\" data-id=\"c9777e8\" data-element_type=\"widget\" data-e-type=\"widget\" data-widget_type=\"text-editor.default\">\n\t\t\t\t<div class=\"elementor-widget-container\">\n\t\t\t\t\t\t\t\t\t<p style=\"text-align: justify;\"><span style=\"font-size: 12pt; color: #000000; font-family: arial, helvetica, sans-serif;\">Bajo un ambiente de armon\u00eda y solemnidad, el alcalde del municipio Andr\u00e9s Mata, Iliath Veloz, celebr\u00f3 los 242 a\u00f1os del natalicio del General, Jos\u00e9 Francisco Berm\u00fadez, bautizado por el Padre de la Patria, Sim\u00f3n Bol\u00edvar como el \u201cLibertador del Libertador\u201d.<\/span><\/p><p style=\"text-align: justify;\"><span style=\"font-size: 12pt; color: #000000; font-family: arial, helvetica, sans-serif;\">El acto se llev\u00f3 a cabo en la plaza Gral. Jos\u00e9 Francisco Berm\u00fadez de San Jos\u00e9 de Areocuar, Municipio Andr\u00e9s Mata. Esta importante actividad cont\u00f3 con la presencia de nuestro rector, Prof. Enry G\u00f3mez Maiz como orador de orden, el cual fue honrado con un merecido reconocimiento por su destacada disertaci\u00f3n sobre la vida de nuestro ilustre Gral. Jos\u00e9 Francisco Berm\u00fadez.<\/span><\/p><p style=\"text-align: justify;\"><span style=\"font-size: 12pt; color: #000000; font-family: arial, helvetica, sans-serif;\">\u201cConmemoramos 242 a\u00f1os del natalicio del General, Jos\u00e9 Francisco Berm\u00fadez. Ferviente defensor de la unidad y la libertad de la Patria, bautizado por nuestro Padre Bol\u00edvar como el \u201cLibertador del Libertador\u201d. Hoy, rendimos homenaje a su incansable lucha\u201d, Enry G\u00f3mez Maiz.\u00a0<\/span><\/p>\t\t\t\t\t\t\t\t<\/div>\n\t\t\t\t<\/div>\n\t\t\t\t\t<\/div>\n\t\t<\/div>\n\t\t\t\t\t<\/div>\n\t\t<\/section>\n\t\t\t\t<section class=\"elementor-section elementor-top-section elementor-element elementor-element-d4e9b91 elementor-section-boxed elementor-section-height-default elementor-section-height-default\" data-id=\"d4e9b91\" data-element_type=\"section\" data-e-type=\"section\">\n\t\t\t\t\t\t<div class=\"elementor-container elementor-column-gap-default\">\n\t\t\t\t\t<div class=\"elementor-column elementor-col-100 elementor-top-column elementor-element elementor-element-1c0796b\" data-id=\"1c0796b\" data-element_type=\"column\" data-e-type=\"column\">\n\t\t\t<div class=\"elementor-widget-wrap elementor-element-populated\">\n\t\t\t\t\t\t<div class=\"elementor-element elementor-element-1495fbe elementor-widget elementor-widget-text-editor\" data-id=\"1495fbe\" data-element_type=\"widget\" data-e-type=\"widget\" data-widget_type=\"text-editor.default\">\n\t\t\t\t<div class=\"elementor-widget-container\">\n\t\t\t\t\t\t\t\t\t<p>Lorem fistrum por la gloria de mi madre esse jarl aliqua llevame al sircoo. De la pradera ullamco qu\u00e9 dise usteer est\u00e1 la cosa muy malar.<\/p>\t\t\t\t\t\t\t\t<\/div>\n\t\t\t\t<\/div>\n\t\t\t\t\t<\/div>\n\t\t<\/div>\n\t\t\t\t\t<\/div>\n\t\t<\/section>\n\t\t\t\t<\/div>\n\t\t","protected":false},"excerpt":{"rendered":"<p>Bajo un ambiente de armon\u00eda y solemnidad, el alcalde del municipio Andr\u00e9s Mata, Iliath Veloz, celebr\u00f3 los 242 a\u00f1os del natalicio del General, Jos\u00e9 Francisco Berm\u00fadez<\/p>\n","protected":false},"author":1,"featured_media":12682,"comment_status":"closed","ping_status":"open","sticky":false,"template":"","format":"standard","meta":{"_monsterinsights_skip_tracking":false,"_monsterinsights_sitenote_active":false,"_monsterinsights_sitenote_note":"","_monsterinsights_sitenote_category":0,"footnotes":""},"categories":[2],"tags":[],"class_list":["post-12680","post","type-post","status-publish","format-standard","has-post-thumbnail","hentry","category-noticias-y-eventos"],"gutentor_comment":0,"yoast_head":"<!-- This site is optimized with the Yoast SEO plugin v27.4 - https:\/\/yoast.com\/product\/yoast-seo-wordpress\/ -->\n<title>Celebraci\u00f3n de los 242 A\u00f1os del Natalicio del General, Jos\u00e9 Francisco Berm\u00fadez - UPTOS Clodosbaldo Russi\u00e1n<\/title>\n<meta name=\"robots\" content=\"index, follow, max-snippet:-1, max-image-preview:large, max-video-preview:-1\" \/>\n<link rel=\"canonical\" href=\"https:\/\/www.uptos.edu.ve\/?p=12680\" \/>\n<meta property=\"og:locale\" content=\"es_ES\" \/>\n<meta property=\"og:type\" content=\"article\" \/>\n<meta property=\"og:title\" content=\"Celebraci\u00f3n de los 242 A\u00f1os del Natalicio del General, Jos\u00e9 Francisco Berm\u00fadez - UPTOS Clodosbaldo Russi\u00e1n\" \/>\n<meta property=\"og:description\" content=\"Bajo un ambiente de armon\u00eda y solemnidad, el alcalde del municipio Andr\u00e9s Mata, Iliath Veloz, celebr\u00f3 los 242 a\u00f1os del natalicio del General, Jos\u00e9 Francisco Berm\u00fadez\" \/>\n<meta property=\"og:url\" content=\"https:\/\/www.uptos.edu.ve\/?p=12680\" \/>\n<meta property=\"og:site_name\" content=\"UPTOS Clodosbaldo Russi\u00e1n\" \/>\n<meta property=\"article:publisher\" content=\"https:\/\/www.facebook.com\/people\/UPTOS-Clodosbaldo-Russin\/100070891114831\/\" \/>\n<meta property=\"article:published_time\" content=\"2024-01-30T23:37:02+00:00\" \/>\n<meta property=\"article:modified_time\" content=\"2024-01-31T03:59:32+00:00\" \/>\n<meta property=\"og:image\" content=\"https:\/\/www.uptos.edu.ve\/wp-content\/uploads\/2024\/01\/1-compressed.jpg\" \/>\n\t<meta property=\"og:image:width\" content=\"900\" \/>\n\t<meta property=\"og:image:height\" content=\"560\" \/>\n\t<meta property=\"og:image:type\" content=\"image\/jpeg\" \/>\n<meta name=\"author\" content=\"admin\" \/>\n<meta name=\"twitter:card\" content=\"summary_large_image\" \/>\n<meta name=\"twitter:label1\" content=\"Escrito por\" \/>\n\t<meta name=\"twitter:data1\" content=\"admin\" \/>\n\t<meta name=\"twitter:label2\" content=\"Tiempo estimado de lectura\" \/>\n\t<meta name=\"twitter:data2\" content=\"1 minuto\" \/>\n<script type=\"application\/ld+json\" class=\"yoast-schema-graph\">{\"@context\":\"https:\\\/\\\/schema.org\",\"@graph\":[{\"@type\":\"Article\",\"@id\":\"https:\\\/\\\/www.uptos.edu.ve\\\/?p=12680#article\",\"isPartOf\":{\"@id\":\"https:\\\/\\\/www.uptos.edu.ve\\\/?p=12680\"},\"author\":{\"name\":\"admin\",\"@id\":\"\\\/#\\\/schema\\\/person\\\/d9a0af6eeb57e3cc32f7a97049b91e1a\"},\"headline\":\"Celebraci\u00f3n de los 242 A\u00f1os del Natalicio del General, Jos\u00e9 Francisco Berm\u00fadez\",\"datePublished\":\"2024-01-30T23:37:02+00:00\",\"dateModified\":\"2024-01-31T03:59:32+00:00\",\"mainEntityOfPage\":{\"@id\":\"https:\\\/\\\/www.uptos.edu.ve\\\/?p=12680\"},\"wordCount\":195,\"publisher\":{\"@id\":\"\\\/#organization\"},\"image\":{\"@id\":\"https:\\\/\\\/www.uptos.edu.ve\\\/?p=12680#primaryimage\"},\"thumbnailUrl\":\"https:\\\/\\\/www.uptos.edu.ve\\\/wp-content\\\/uploads\\\/2024\\\/01\\\/1-compressed.jpg\",\"articleSection\":[\"noticias y eventos\"],\"inLanguage\":\"es\"},{\"@type\":\"WebPage\",\"@id\":\"https:\\\/\\\/www.uptos.edu.ve\\\/?p=12680\",\"url\":\"https:\\\/\\\/www.uptos.edu.ve\\\/?p=12680\",\"name\":\"Celebraci\u00f3n de los 242 A\u00f1os del Natalicio del General, Jos\u00e9 Francisco Berm\u00fadez - UPTOS Clodosbaldo Russi\u00e1n\",\"isPartOf\":{\"@id\":\"\\\/#website\"},\"primaryImageOfPage\":{\"@id\":\"https:\\\/\\\/www.uptos.edu.ve\\\/?p=12680#primaryimage\"},\"image\":{\"@id\":\"https:\\\/\\\/www.uptos.edu.ve\\\/?p=12680#primaryimage\"},\"thumbnailUrl\":\"https:\\\/\\\/www.uptos.edu.ve\\\/wp-content\\\/uploads\\\/2024\\\/01\\\/1-compressed.jpg\",\"datePublished\":\"2024-01-30T23:37:02+00:00\",\"dateModified\":\"2024-01-31T03:59:32+00:00\",\"breadcrumb\":{\"@id\":\"https:\\\/\\\/www.uptos.edu.ve\\\/?p=12680#breadcrumb\"},\"inLanguage\":\"es\",\"potentialAction\":[{\"@type\":\"ReadAction\",\"target\":[\"https:\\\/\\\/www.uptos.edu.ve\\\/?p=12680\"]}]},{\"@type\":\"ImageObject\",\"inLanguage\":\"es\",\"@id\":\"https:\\\/\\\/www.uptos.edu.ve\\\/?p=12680#primaryimage\",\"url\":\"https:\\\/\\\/www.uptos.edu.ve\\\/wp-content\\\/uploads\\\/2024\\\/01\\\/1-compressed.jpg\",\"contentUrl\":\"https:\\\/\\\/www.uptos.edu.ve\\\/wp-content\\\/uploads\\\/2024\\\/01\\\/1-compressed.jpg\",\"width\":900,\"height\":560},{\"@type\":\"BreadcrumbList\",\"@id\":\"https:\\\/\\\/www.uptos.edu.ve\\\/?p=12680#breadcrumb\",\"itemListElement\":[{\"@type\":\"ListItem\",\"position\":1,\"name\":\"Home\",\"item\":\"https:\\\/\\\/www.uptos.edu.ve\\\/\"},{\"@type\":\"ListItem\",\"position\":2,\"name\":\"Celebraci\u00f3n de los 242 A\u00f1os del Natalicio del General, Jos\u00e9 Francisco Berm\u00fadez\"}]},{\"@type\":\"WebSite\",\"@id\":\"\\\/#website\",\"url\":\"\\\/\",\"name\":\"UPTOS Clodosbaldo Russi\u00e1n\",\"description\":\"Universidad Polit\u00e9cnica del Oeste de Sucre\",\"publisher\":{\"@id\":\"\\\/#organization\"},\"potentialAction\":[{\"@type\":\"SearchAction\",\"target\":{\"@type\":\"EntryPoint\",\"urlTemplate\":\"\\\/?s={search_term_string}\"},\"query-input\":{\"@type\":\"PropertyValueSpecification\",\"valueRequired\":true,\"valueName\":\"search_term_string\"}}],\"inLanguage\":\"es\"},{\"@type\":\"Organization\",\"@id\":\"\\\/#organization\",\"name\":\"UPTOS Clodosbaldo Russi\u00e1n\",\"url\":\"\\\/\",\"logo\":{\"@type\":\"ImageObject\",\"inLanguage\":\"es\",\"@id\":\"\\\/#\\\/schema\\\/logo\\\/image\\\/\",\"url\":\"https:\\\/\\\/www.uptos.edu.ve\\\/wp-content\\\/uploads\\\/2026\\\/02\\\/cropped-cropped-WhatsApp-Image-2026-02-11-at-10.17.38-PM-1.jpeg\",\"contentUrl\":\"https:\\\/\\\/www.uptos.edu.ve\\\/wp-content\\\/uploads\\\/2026\\\/02\\\/cropped-cropped-WhatsApp-Image-2026-02-11-at-10.17.38-PM-1.jpeg\",\"width\":1080,\"height\":73,\"caption\":\"UPTOS Clodosbaldo Russi\u00e1n\"},\"image\":{\"@id\":\"\\\/#\\\/schema\\\/logo\\\/image\\\/\"},\"sameAs\":[\"https:\\\/\\\/www.facebook.com\\\/people\\\/UPTOS-Clodosbaldo-Russin\\\/100070891114831\\\/\",\"http:\\\/\\\/instagram.com\\\/uptoscr_oficial\"]},{\"@type\":\"Person\",\"@id\":\"\\\/#\\\/schema\\\/person\\\/d9a0af6eeb57e3cc32f7a97049b91e1a\",\"name\":\"admin\",\"image\":{\"@type\":\"ImageObject\",\"inLanguage\":\"es\",\"@id\":\"https:\\\/\\\/secure.gravatar.com\\\/avatar\\\/dec82458c94c5f10d3b053c54896e2dc8f586d54b65abe6856eaf407592171b4?s=96&d=mm&r=g\",\"url\":\"https:\\\/\\\/secure.gravatar.com\\\/avatar\\\/dec82458c94c5f10d3b053c54896e2dc8f586d54b65abe6856eaf407592171b4?s=96&d=mm&r=g\",\"contentUrl\":\"https:\\\/\\\/secure.gravatar.com\\\/avatar\\\/dec82458c94c5f10d3b053c54896e2dc8f586d54b65abe6856eaf407592171b4?s=96&d=mm&r=g\",\"caption\":\"admin\"},\"sameAs\":[\"http:\"],\"url\":\"https:\\\/\\\/www.uptos.edu.ve\\\/?author=1\"}]}<\/script>\n<!-- \/ Yoast SEO plugin. -->","yoast_head_json":{"title":"Celebraci\u00f3n de los 242 A\u00f1os del Natalicio del General, Jos\u00e9 Francisco Berm\u00fadez - UPTOS Clodosbaldo Russi\u00e1n","robots":{"index":"index","follow":"follow","max-snippet":"max-snippet:-1","max-image-preview":"max-image-preview:large","max-video-preview":"max-video-preview:-1"},"canonical":"https:\/\/www.uptos.edu.ve\/?p=12680","og_locale":"es_ES","og_type":"article","og_title":"Celebraci\u00f3n de los 242 A\u00f1os del Natalicio del General, Jos\u00e9 Francisco Berm\u00fadez - UPTOS Clodosbaldo Russi\u00e1n","og_description":"Bajo un ambiente de armon\u00eda y solemnidad, el alcalde del municipio Andr\u00e9s Mata, Iliath Veloz, celebr\u00f3 los 242 a\u00f1os del natalicio del General, Jos\u00e9 Francisco Berm\u00fadez","og_url":"https:\/\/www.uptos.edu.ve\/?p=12680","og_site_name":"UPTOS Clodosbaldo Russi\u00e1n","article_publisher":"https:\/\/www.facebook.com\/people\/UPTOS-Clodosbaldo-Russin\/100070891114831\/","article_published_time":"2024-01-30T23:37:02+00:00","article_modified_time":"2024-01-31T03:59:32+00:00","og_image":[{"width":900,"height":560,"url":"https:\/\/www.uptos.edu.ve\/wp-content\/uploads\/2024\/01\/1-compressed.jpg","type":"image\/jpeg"}],"author":"admin","twitter_card":"summary_large_image","twitter_misc":{"Escrito por":"admin","Tiempo estimado de lectura":"1 minuto"},"schema":{"@context":"https:\/\/schema.org","@graph":[{"@type":"Article","@id":"https:\/\/www.uptos.edu.ve\/?p=12680#article","isPartOf":{"@id":"https:\/\/www.uptos.edu.ve\/?p=12680"},"author":{"name":"admin","@id":"\/#\/schema\/person\/d9a0af6eeb57e3cc32f7a97049b91e1a"},"headline":"Celebraci\u00f3n de los 242 A\u00f1os del Natalicio del General, Jos\u00e9 Francisco Berm\u00fadez","datePublished":"2024-01-30T23:37:02+00:00","dateModified":"2024-01-31T03:59:32+00:00","mainEntityOfPage":{"@id":"https:\/\/www.uptos.edu.ve\/?p=12680"},"wordCount":195,"publisher":{"@id":"\/#organization"},"image":{"@id":"https:\/\/www.uptos.edu.ve\/?p=12680#primaryimage"},"thumbnailUrl":"https:\/\/www.uptos.edu.ve\/wp-content\/uploads\/2024\/01\/1-compressed.jpg","articleSection":["noticias y eventos"],"inLanguage":"es"},{"@type":"WebPage","@id":"https:\/\/www.uptos.edu.ve\/?p=12680","url":"https:\/\/www.uptos.edu.ve\/?p=12680","name":"Celebraci\u00f3n de los 242 A\u00f1os del Natalicio del General, Jos\u00e9 Francisco Berm\u00fadez - UPTOS Clodosbaldo Russi\u00e1n","isPartOf":{"@id":"\/#website"},"primaryImageOfPage":{"@id":"https:\/\/www.uptos.edu.ve\/?p=12680#primaryimage"},"image":{"@id":"https:\/\/www.uptos.edu.ve\/?p=12680#primaryimage"},"thumbnailUrl":"https:\/\/www.uptos.edu.ve\/wp-content\/uploads\/2024\/01\/1-compressed.jpg","datePublished":"2024-01-30T23:37:02+00:00","dateModified":"2024-01-31T03:59:32+00:00","breadcrumb":{"@id":"https:\/\/www.uptos.edu.ve\/?p=12680#breadcrumb"},"inLanguage":"es","potentialAction":[{"@type":"ReadAction","target":["https:\/\/www.uptos.edu.ve\/?p=12680"]}]},{"@type":"ImageObject","inLanguage":"es","@id":"https:\/\/www.uptos.edu.ve\/?p=12680#primaryimage","url":"https:\/\/www.uptos.edu.ve\/wp-content\/uploads\/2024\/01\/1-compressed.jpg","contentUrl":"https:\/\/www.uptos.edu.ve\/wp-content\/uploads\/2024\/01\/1-compressed.jpg","width":900,"height":560},{"@type":"BreadcrumbList","@id":"https:\/\/www.uptos.edu.ve\/?p=12680#breadcrumb","itemListElement":[{"@type":"ListItem","position":1,"name":"Home","item":"https:\/\/www.uptos.edu.ve\/"},{"@type":"ListItem","position":2,"name":"Celebraci\u00f3n de los 242 A\u00f1os del Natalicio del General, Jos\u00e9 Francisco Berm\u00fadez"}]},{"@type":"WebSite","@id":"\/#website","url":"\/","name":"UPTOS Clodosbaldo Russi\u00e1n","description":"Universidad Polit\u00e9cnica del Oeste de Sucre","publisher":{"@id":"\/#organization"},"potentialAction":[{"@type":"SearchAction","target":{"@type":"EntryPoint","urlTemplate":"\/?s={search_term_string}"},"query-input":{"@type":"PropertyValueSpecification","valueRequired":true,"valueName":"search_term_string"}}],"inLanguage":"es"},{"@type":"Organization","@id":"\/#organization","name":"UPTOS Clodosbaldo Russi\u00e1n","url":"\/","logo":{"@type":"ImageObject","inLanguage":"es","@id":"\/#\/schema\/logo\/image\/","url":"https:\/\/www.uptos.edu.ve\/wp-content\/uploads\/2026\/02\/cropped-cropped-WhatsApp-Image-2026-02-11-at-10.17.38-PM-1.jpeg","contentUrl":"https:\/\/www.uptos.edu.ve\/wp-content\/uploads\/2026\/02\/cropped-cropped-WhatsApp-Image-2026-02-11-at-10.17.38-PM-1.jpeg","width":1080,"height":73,"caption":"UPTOS Clodosbaldo Russi\u00e1n"},"image":{"@id":"\/#\/schema\/logo\/image\/"},"sameAs":["https:\/\/www.facebook.com\/people\/UPTOS-Clodosbaldo-Russin\/100070891114831\/","http:\/\/instagram.com\/uptoscr_oficial"]},{"@type":"Person","@id":"\/#\/schema\/person\/d9a0af6eeb57e3cc32f7a97049b91e1a","name":"admin","image":{"@type":"ImageObject","inLanguage":"es","@id":"https:\/\/secure.gravatar.com\/avatar\/dec82458c94c5f10d3b053c54896e2dc8f586d54b65abe6856eaf407592171b4?s=96&d=mm&r=g","url":"https:\/\/secure.gravatar.com\/avatar\/dec82458c94c5f10d3b053c54896e2dc8f586d54b65abe6856eaf407592171b4?s=96&d=mm&r=g","contentUrl":"https:\/\/secure.gravatar.com\/avatar\/dec82458c94c5f10d3b053c54896e2dc8f586d54b65abe6856eaf407592171b4?s=96&d=mm&r=g","caption":"admin"},"sameAs":["http:"],"url":"https:\/\/www.uptos.edu.ve\/?author=1"}]}},"_links":{"self":[{"href":"https:\/\/www.uptos.edu.ve\/index.php?rest_route=\/wp\/v2\/posts\/12680","targetHints":{"allow":["GET"]}}],"collection":[{"href":"https:\/\/www.uptos.edu.ve\/index.php?rest_route=\/wp\/v2\/posts"}],"about":[{"href":"https:\/\/www.uptos.edu.ve\/index.php?rest_route=\/wp\/v2\/types\/post"}],"author":[{"embeddable":true,"href":"https:\/\/www.uptos.edu.ve\/index.php?rest_route=\/wp\/v2\/users\/1"}],"replies":[{"embeddable":true,"href":"https:\/\/www.uptos.edu.ve\/index.php?rest_route=%2Fwp%2Fv2%2Fcomments&post=12680"}],"version-history":[{"count":12,"href":"https:\/\/www.uptos.edu.ve\/index.php?rest_route=\/wp\/v2\/posts\/12680\/revisions"}],"predecessor-version":[{"id":12734,"href":"https:\/\/www.uptos.edu.ve\/index.php?rest_route=\/wp\/v2\/posts\/12680\/revisions\/12734"}],"wp:featuredmedia":[{"embeddable":true,"href":"https:\/\/www.uptos.edu.ve\/index.php?rest_route=\/wp\/v2\/media\/12682"}],"wp:attachment":[{"href":"https:\/\/www.uptos.edu.ve\/index.php?rest_route=%2Fwp%2Fv2%2Fmedia&parent=12680"}],"wp:term":[{"taxonomy":"category","embeddable":true,"href":"https:\/\/www.uptos.edu.ve\/index.php?rest_route=%2Fwp%2Fv2%2Fcategories&post=12680"},{"taxonomy":"post_tag","embeddable":true,"href":"https:\/\/www.uptos.edu.ve\/index.php?rest_route=%2Fwp%2Fv2%2Ftags&post=12680"}],"curies":[{"name":"wp","href":"https:\/\/api.w.org\/{rel}","templated":true}]}}