{"id":9893,"global_id":"www.uptos.edu.ve?id=9893","global_id_lineage":["www.uptos.edu.ve?id=9893"],"author":"5","status":"publish","date":"2023-06-12 10:55:24","date_utc":"2023-06-12 14:55:24","modified":"2023-06-12 10:55:24","modified_utc":"2023-06-12 14:55:24","url":"https:\/\/www.uptos.edu.ve\/?tribe_events=dia-internacional-de-los-archivos","rest_url":"https:\/\/www.uptos.edu.ve\/index.php?rest_route=\/tribe\/events\/v1\/events\/9893","title":"D\u00cdA INTERNACIONAL DE LOS ARCHIVOS","description":"<p>&nbsp;<\/p>\n<p class=\"rtejustify\" align=\"justify\"><img fetchpriority=\"high\" decoding=\"async\" class=\"alignleft  wp-image-9897\" src=\"https:\/\/wwwvz.uptos.edu.ve\/wp-content\/uploads\/2023\/06\/dia-archivos.png\" alt=\"\" width=\"447\" height=\"177\" \/><font color=\"#000000\">Pudiste haber tenido la oportunidad de celebrarlo en tu pa\u00eds, a trav\u00e9s de las actividades y eventos organizados por instituciones nacionales o locales de archivos, o por las asociaciones profesionales, como en Senegal, en Jap\u00f3n o en ciertos municipios de Catalu\u00f1a.<\/font><\/p>\n<p align=\"justify\"><font color=\"#000000\">es esencial recordar que los archivos son documentos creados, recibidos y conservados como una evidencia y como informaci\u00f3n para una organizaci\u00f3n o una persona, para responder a obligaciones jur\u00eddicas, o a transacciones. Los archivos son los documentos que son conservados por aquellos que los producen, sus sucesores o una instituci\u00f3n de archivos que se encarga de ello, debido a su valor jur\u00eddico o porque tienen un significado hist\u00f3rico en el largo plazo.<\/font><br \/>\n<font color=\"#000000\">Se trata de un patrimonio cultural y una fuente de informaci\u00f3n de primera mano. El patrimonio archiv\u00edstico representa un testimonio invaluable acerca del desarrollo econ\u00f3mico, pol\u00edtico, social y cultural de la humanidad. La diversidad de las fuentes de archivos y su formato es considerable. Para asegurar su conservaci\u00f3n, es necesario tener un enfoque muy amplio que considere todos los tipos de archivos y los materiales de soporte. No es posible limitarse a un \u00fanico tipo de archivo, todos merecen atenci\u00f3n.<\/font><\/p>\n<p align=\"justify\"><font color=\"#000000\"><strong>Gracias al d\u00eda Internacional de los Archivos, podemos:<\/strong><\/font><\/p>\n<ul align=\"justify\">\n<li><font color=\"#000000\">Hacer que el p\u00fablico sea consciente de la importancia de los archivos, base de sus derechos y de su identidad;<\/font><\/li>\n<\/ul>\n<ul align=\"justify\">\n<li><font color=\"#000000\">Hacer que los responsables de las tomas de decisiones sean conscientes de las ventajas de un buen archivado para una buena administraci\u00f3n y para un desarrollo bien dise\u00f1ado;<\/font><\/li>\n<\/ul>\n<ul align=\"justify\">\n<li><font color=\"#000000\">Hacer que el p\u00fablico sea consciente, en los sectores p\u00fablicos y privados, de la necesidad de conservar los archivos a largo plazo y de facilitar el acceso a ellos;<\/font><\/li>\n<\/ul>\n<ul align=\"justify\">\n<li><font color=\"#000000\">Promover y difundir a un p\u00fablico amplio, documentos \u00fanicos, extraordinarios y raros conservados en las instituciones de archivos;<\/font><\/li>\n<\/ul>\n<ul>\n<li align=\"justify\"><font color=\"#000000\">Mejorar la percepci\u00f3n que se tiene acerca de los archivos y aumentar su visibilidad a nivel mundial.<\/font><\/li>\n<\/ul>","excerpt":"","slug":"dia-internacional-de-los-archivos","image":false,"all_day":true,"start_date":"2023-06-09 00:00:00","start_date_details":{"year":"2023","month":"06","day":"09","hour":"00","minutes":"00","seconds":"00"},"end_date":"2023-06-09 23:59:59","end_date_details":{"year":"2023","month":"06","day":"09","hour":"23","minutes":"59","seconds":"59"},"utc_start_date":"2023-06-09 03:00:00","utc_start_date_details":{"year":"2023","month":"06","day":"09","hour":"03","minutes":"00","seconds":"00"},"utc_end_date":"2023-06-10 02:59:59","utc_end_date_details":{"year":"2023","month":"06","day":"10","hour":"02","minutes":"59","seconds":"59"},"timezone":"UTC-4","timezone_abbr":"UTC-4","cost":"","cost_details":{"currency_symbol":"","currency_code":"","currency_position":"prefix","values":[]},"website":"","show_map":true,"show_map_link":true,"hide_from_listings":false,"sticky":false,"featured":false,"categories":[],"tags":[],"venue":[],"organizer":[],"custom_fields":[],"json_ld":{"@context":"http:\/\/schema.org","@type":"Event","name":"D\u00cdA INTERNACIONAL DE LOS ARCHIVOS","description":"&lt;p&gt;&nbsp; Pudiste haber tenido la oportunidad de celebrarlo en tu pa\u00eds, a trav\u00e9s de las actividades y eventos organizados por instituciones nacionales o locales de archivos, o por las asociaciones&hellip;&lt;\/p&gt;\\n","url":"https:\/\/www.uptos.edu.ve\/?tribe_events=dia-internacional-de-los-archivos","eventAttendanceMode":"https:\/\/schema.org\/OfflineEventAttendanceMode","eventStatus":"https:\/\/schema.org\/EventScheduled","startDate":"2023-06-09T00:00:00-04:00","endDate":"2023-06-09T23:59:59-04:00","performer":"Organization"}}