{"id":9812,"global_id":"www.uptos.edu.ve?id=9812","global_id_lineage":["www.uptos.edu.ve?id=9812"],"author":"5","status":"publish","date":"2023-06-12 09:46:23","date_utc":"2023-06-12 13:46:23","modified":"2023-06-12 10:08:46","modified_utc":"2023-06-12 14:08:46","url":"https:\/\/www.uptos.edu.ve\/?tribe_events=natalicio-de-rafael-bolivar-coronado","rest_url":"https:\/\/www.uptos.edu.ve\/index.php?rest_route=\/tribe\/events\/v1\/events\/9812","title":"NATALICIO DE RAFAEL BOL\u00cdVAR CORONADO","description":"<p><img decoding=\"async\" class=\"wp-image-9816 alignleft\" src=\"https:\/\/wwwvz.uptos.edu.ve\/wp-content\/uploads\/2023\/06\/rafael_boliv.jpeg\" alt=\"\" width=\"190\" height=\"263\" \/><\/p>\n<p class=\"rtejustify\" align=\"justify\"><font color=\"#000000\">Periodista y escritor venezolano, fue el autor, junto con Pedro El\u00edas Guti\u00e9rrez, de una zarzuela estrenada en Caracas el 19 de septiembre de 1914 que se llam\u00f3 Alma Llanera. En uno de los actos de la pieza figuraba un joropo del mismo nombre, que pronto tuvo \u00e9xito en la capital convirti\u00e9ndose en una pieza de amplia difusi\u00f3n nacional e internacional.<\/font><\/p>\n<p align=\"justify\"><font color=\"#000000\"><a href=\"https:\/\/camaradecaracas.com\/ocurrio-aqui\/el-alma-llanera-pego-desde-el-primer-dia\/#\" target=\"_blank\" rel=\"noopener\">Leer m\u00e1s:<\/a><\/font><\/p>","excerpt":"","slug":"natalicio-de-rafael-bolivar-coronado","image":false,"all_day":true,"start_date":"2023-06-06 00:00:00","start_date_details":{"year":"2023","month":"06","day":"06","hour":"00","minutes":"00","seconds":"00"},"end_date":"2023-06-06 23:59:59","end_date_details":{"year":"2023","month":"06","day":"06","hour":"23","minutes":"59","seconds":"59"},"utc_start_date":"2023-06-06 03:00:00","utc_start_date_details":{"year":"2023","month":"06","day":"06","hour":"03","minutes":"00","seconds":"00"},"utc_end_date":"2023-06-07 02:59:59","utc_end_date_details":{"year":"2023","month":"06","day":"07","hour":"02","minutes":"59","seconds":"59"},"timezone":"UTC-4","timezone_abbr":"UTC-4","cost":"","cost_details":{"currency_symbol":"","currency_code":"","currency_position":"prefix","values":[]},"website":"","show_map":true,"show_map_link":true,"hide_from_listings":false,"sticky":false,"featured":false,"categories":[],"tags":[],"venue":[],"organizer":[],"custom_fields":[],"json_ld":{"@context":"http:\/\/schema.org","@type":"Event","name":"NATALICIO DE RAFAEL BOL\u00cdVAR CORONADO","description":"&lt;p&gt;Periodista y escritor venezolano, fue el autor, junto con Pedro El\u00edas Guti\u00e9rrez, de una zarzuela estrenada en Caracas el 19 de septiembre de 1914 que se llam\u00f3 Alma Llanera. En&hellip;&lt;\/p&gt;\\n","url":"https:\/\/www.uptos.edu.ve\/?tribe_events=natalicio-de-rafael-bolivar-coronado","eventAttendanceMode":"https:\/\/schema.org\/OfflineEventAttendanceMode","eventStatus":"https:\/\/schema.org\/EventScheduled","startDate":"2023-06-06T00:00:00-04:00","endDate":"2023-06-06T23:59:59-04:00","performer":"Organization"}}