{"id":9647,"global_id":"www.uptos.edu.ve?id=9647","global_id_lineage":["www.uptos.edu.ve?id=9647"],"author":"5","status":"publish","date":"2023-06-09 11:17:14","date_utc":"2023-06-09 15:17:14","modified":"2023-06-09 11:19:01","modified_utc":"2023-06-09 15:19:01","url":"https:\/\/www.uptos.edu.ve\/?tribe_events=dia-internacional-de-los-ninos-victimas-inocentes-de-agresion","rest_url":"https:\/\/www.uptos.edu.ve\/index.php?rest_route=\/tribe\/events\/v1\/events\/9647","title":"D\u00cdA INTERNACIONAL DE LOS NI\u00d1OS V\u00cdCTIMAS INOCENTES DE AGRESI\u00d3N","description":"<p align=\"justify\"><font color=\"#000000\"><img fetchpriority=\"high\" decoding=\"async\" class=\"alignleft size-full wp-image-9652\" src=\"https:\/\/wwwvz.uptos.edu.ve\/wp-content\/uploads\/2023\/06\/maltrato.jpeg\" alt=\"\" width=\"225\" height=\"225\" srcset=\"https:\/\/www.uptos.edu.ve\/wp-content\/uploads\/2023\/06\/maltrato.jpeg 225w, https:\/\/www.uptos.edu.ve\/wp-content\/uploads\/2023\/06\/maltrato-100x100.jpeg 100w\" sizes=\"(max-width: 225px) 100vw, 225px\" \/><\/font><\/p>\n<p><font color=\"#000000\">El 19 de agosto de 1982, en su per\u00edodo extraordinario de sesiones de emergencia sobre la cuesti\u00f3n de Palestina, la Asamblea General, \u00abconsternada ante el gran n\u00famero de ni\u00f1os palestinos y libaneses que han sido v\u00edctimas inocentes de los actos de agresi\u00f3n de Israel\u00bb, decidi\u00f3 conmemorar, el 4 de junio de cada a\u00f1o, el D\u00eda Internacional de los ni\u00f1os v\u00edctimas inocentes de la agresi\u00f3n.<\/font><\/p>","excerpt":"","slug":"dia-internacional-de-los-ninos-victimas-inocentes-de-agresion","image":false,"all_day":true,"start_date":"2023-06-04 00:00:00","start_date_details":{"year":"2023","month":"06","day":"04","hour":"00","minutes":"00","seconds":"00"},"end_date":"2023-06-04 23:59:59","end_date_details":{"year":"2023","month":"06","day":"04","hour":"23","minutes":"59","seconds":"59"},"utc_start_date":"2023-06-04 03:00:00","utc_start_date_details":{"year":"2023","month":"06","day":"04","hour":"03","minutes":"00","seconds":"00"},"utc_end_date":"2023-06-05 02:59:59","utc_end_date_details":{"year":"2023","month":"06","day":"05","hour":"02","minutes":"59","seconds":"59"},"timezone":"UTC-4","timezone_abbr":"UTC-4","cost":"","cost_details":{"currency_symbol":"","currency_code":"","currency_position":"prefix","values":[]},"website":"","show_map":true,"show_map_link":true,"hide_from_listings":false,"sticky":false,"featured":false,"categories":[],"tags":[],"venue":[],"organizer":[],"custom_fields":[],"json_ld":{"@context":"http:\/\/schema.org","@type":"Event","name":"D\u00cdA INTERNACIONAL DE LOS NI\u00d1OS V\u00cdCTIMAS INOCENTES DE AGRESI\u00d3N","description":"&lt;p&gt;El 19 de agosto de 1982, en su per\u00edodo extraordinario de sesiones de emergencia sobre la cuesti\u00f3n de Palestina, la Asamblea General, \u00abconsternada ante el gran n\u00famero de ni\u00f1os palestinos&hellip;&lt;\/p&gt;\\n","url":"https:\/\/www.uptos.edu.ve\/?tribe_events=dia-internacional-de-los-ninos-victimas-inocentes-de-agresion","eventAttendanceMode":"https:\/\/schema.org\/OfflineEventAttendanceMode","eventStatus":"https:\/\/schema.org\/EventScheduled","startDate":"2023-06-04T00:00:00-04:00","endDate":"2023-06-04T23:59:59-04:00","performer":"Organization"}}