{"id":9624,"global_id":"www.uptos.edu.ve?id=9624","global_id_lineage":["www.uptos.edu.ve?id=9624"],"author":"5","status":"publish","date":"2023-06-09 11:08:36","date_utc":"2023-06-09 15:08:36","modified":"2023-06-09 11:08:36","modified_utc":"2023-06-09 15:08:36","url":"https:\/\/www.uptos.edu.ve\/?tribe_events=muere-tulio-febres-cordero","rest_url":"https:\/\/www.uptos.edu.ve\/index.php?rest_route=\/tribe\/events\/v1\/events\/9624","title":"MUERE TULIO FEBRES CORDERO","description":"<p><font color=\"#000000\"><img fetchpriority=\"high\" decoding=\"async\" class=\"wp-image-9632 alignright\" src=\"https:\/\/wwwvz.uptos.edu.ve\/wp-content\/uploads\/2023\/06\/tuliofebrescordero.jpeg\" alt=\"\" width=\"256\" height=\"341\" \/>Escritor, historiador, profesor universitario y periodista. Realiz\u00f3 un aporte fundamental a la cultura intelectual venezolana, mediante el estudio de la historia de M\u00e9rida, de los Andes y de sus \u00e1reas de influencia, es decir, el territorio que desde principios del siglo XVII formar\u00e1 el corregimiento de M\u00e9rida.<\/font><\/p>\n<p align=\"justify\"><font color=\"#000000\">\u00a0En cuanto a su obra en general, se puede decir que la misma es polifac\u00e9tica por abarcar aspectos propios de la historia, la literatura, la antropolog\u00eda, el derecho, la educaci\u00f3n y otras ramas del saber. Por lo tanto, no es raro que su escritura se exprese en distintos g\u00e9neros: cr\u00f3nica, ensayo, cuento, novela y poes\u00eda. Asimismo, se caracteriza por abordar conjuntamente los hechos de la historia formal (conquistas, fundaciones, revoluciones, guerras, etc.) con los de la historia cotidiana (costumbres, creencias, modos de vida, etc.). Fue notable su inter\u00e9s por dar a conocer en un lenguaje sencillo las tradiciones, mitos y leyendas los cuales ayudan a entender la psicolog\u00eda de los pueblos, en especial la de la regi\u00f3n andina<\/font><\/p>","excerpt":"","slug":"muere-tulio-febres-cordero","image":false,"all_day":true,"start_date":"2023-06-03 00:00:00","start_date_details":{"year":"2023","month":"06","day":"03","hour":"00","minutes":"00","seconds":"00"},"end_date":"2023-06-03 23:59:59","end_date_details":{"year":"2023","month":"06","day":"03","hour":"23","minutes":"59","seconds":"59"},"utc_start_date":"2023-06-03 03:00:00","utc_start_date_details":{"year":"2023","month":"06","day":"03","hour":"03","minutes":"00","seconds":"00"},"utc_end_date":"2023-06-04 02:59:59","utc_end_date_details":{"year":"2023","month":"06","day":"04","hour":"02","minutes":"59","seconds":"59"},"timezone":"UTC-4","timezone_abbr":"UTC-4","cost":"","cost_details":{"currency_symbol":"","currency_code":"","currency_position":"prefix","values":[]},"website":"","show_map":true,"show_map_link":true,"hide_from_listings":false,"sticky":false,"featured":false,"categories":[],"tags":[],"venue":[],"organizer":[],"custom_fields":[],"json_ld":{"@context":"http:\/\/schema.org","@type":"Event","name":"MUERE TULIO FEBRES CORDERO","description":"&lt;p&gt;Escritor, historiador, profesor universitario y periodista. Realiz\u00f3 un aporte fundamental a la cultura intelectual venezolana, mediante el estudio de la historia de M\u00e9rida, de los Andes y de sus \u00e1reas&hellip;&lt;\/p&gt;\\n","url":"https:\/\/www.uptos.edu.ve\/?tribe_events=muere-tulio-febres-cordero","eventAttendanceMode":"https:\/\/schema.org\/OfflineEventAttendanceMode","eventStatus":"https:\/\/schema.org\/EventScheduled","startDate":"2023-06-03T00:00:00-04:00","endDate":"2023-06-03T23:59:59-04:00","performer":"Organization"}}