{"id":4534,"global_id":"www.uptos.edu.ve?id=4534","global_id_lineage":["www.uptos.edu.ve?id=4534"],"author":"1","status":"publish","date":"2022-11-30 09:25:10","date_utc":"2022-11-30 13:25:10","modified":"2026-01-29 08:28:38","modified_utc":"2026-01-29 12:28:38","url":"https:\/\/www.uptos.edu.ve\/?tribe_events=dia-internacional-de-las-personas-con-discapacidad","rest_url":"https:\/\/www.uptos.edu.ve\/index.php?rest_route=\/tribe\/events\/v1\/events\/4534","title":"D\u00cdA INTERNACIONAL DE LAS PERSONAS CON DISCAPACIDAD","description":"<p>El 3 de diciembre se conmemora el D\u00eda Internacional del Discapacitado o D\u00eda Mundial de las Personas con Discapacidad. Es un d\u00eda en el que se pretende concienciar a la poblaci\u00f3n de que las personas que presentan alguna discapacidad tienen los mismos derechos que todas aquellas que no son discapacitadas.<\/p>","excerpt":"","slug":"dia-internacional-de-las-personas-con-discapacidad","image":false,"all_day":true,"start_date":"2026-12-03 00:00:00","start_date_details":{"year":"2026","month":"12","day":"03","hour":"00","minutes":"00","seconds":"00"},"end_date":"2026-12-03 23:59:59","end_date_details":{"year":"2026","month":"12","day":"03","hour":"23","minutes":"59","seconds":"59"},"utc_start_date":"2026-12-03 04:00:00","utc_start_date_details":{"year":"2026","month":"12","day":"03","hour":"04","minutes":"00","seconds":"00"},"utc_end_date":"2026-12-04 03:59:59","utc_end_date_details":{"year":"2026","month":"12","day":"04","hour":"03","minutes":"59","seconds":"59"},"timezone":"UTC-4","timezone_abbr":"UTC-4","cost":"","cost_details":{"currency_symbol":"$","currency_code":"USD","currency_position":"prefix","values":[]},"website":"","show_map":true,"show_map_link":true,"hide_from_listings":false,"sticky":false,"featured":false,"categories":[],"tags":[],"venue":[],"organizer":[],"custom_fields":[],"json_ld":{"@context":"http:\/\/schema.org","@type":"Event","name":"D\u00cdA INTERNACIONAL DE LAS PERSONAS CON DISCAPACIDAD","description":"&lt;p&gt;El 3 de diciembre se conmemora el D\u00eda Internacional del Discapacitado o D\u00eda Mundial de las Personas con Discapacidad. Es un d\u00eda en el que se pretende concienciar a la&hellip;&lt;\/p&gt;\\n","url":"https:\/\/www.uptos.edu.ve\/?tribe_events=dia-internacional-de-las-personas-con-discapacidad","eventAttendanceMode":"https:\/\/schema.org\/OfflineEventAttendanceMode","eventStatus":"https:\/\/schema.org\/EventScheduled","startDate":"2026-12-03T00:00:00-04:00","endDate":"2026-12-03T23:59:59-04:00","performer":"Organization"}}