{"id":14372,"global_id":"www.uptos.edu.ve?id=14372","global_id_lineage":["www.uptos.edu.ve?id=14372"],"author":"1","status":"publish","date":"2024-05-29 10:45:57","date_utc":"2024-05-29 14:45:57","modified":"2024-05-29 10:45:57","modified_utc":"2024-05-29 14:45:57","url":"https:\/\/www.uptos.edu.ve\/?tribe_events=se-inicia-en-puerto-cabello-la-insurreccion-civico-militar-conocida-como-el-portenazo","rest_url":"https:\/\/www.uptos.edu.ve\/index.php?rest_route=\/tribe\/events\/v1\/events\/14372","title":"Se inicia en Puerto Cabello la insurrecci\u00f3n c\u00edvico-militar conocida como \u201cEl Porte\u00f1azo","description":"<p>&nbsp;<\/p>\n<div class=\"flex flex-grow flex-col max-w-full\">\n<div class=\"min-h-[20px] text-message flex flex-col items-start whitespace-pre-wrap break-words [.text-message+&amp;]:mt-5 juice:w-full juice:items-end overflow-x-auto gap-2\" dir=\"auto\" data-message-author-role=\"assistant\" data-message-id=\"eaa70433-6fa9-46d8-abf6-9d581b7294a9\">\n<div class=\"flex w-full flex-col gap-1 juice:empty:hidden juice:first:pt-[3px]\">\n<div class=\"markdown prose w-full break-words dark:prose-invert light\">\n<p style=\"text-align: justify;\"><span style=\"font-size: 12pt; color: #000000;\">El 2 de junio de 1962, se produjo la insurrecci\u00f3n de Puerto Cabello, conocida como \u00abPorte\u00f1azo\u00bb, una de las conspiraciones c\u00edvico-militares m\u00e1s serias que enfrent\u00f3 el presidente R\u00f3mulo Betancourt durante su mandato. La sublevaci\u00f3n en la base naval de Puerto Cabello, en el estado Carabobo, fue dirigida por el capit\u00e1n de nav\u00edo Manuel Ponte Rodr\u00edguez, el capit\u00e1n de fragata Pedro Medina Silva y el capit\u00e1n de corbeta V\u00edctor Hugo Morales.<\/span><\/p>\n<p style=\"text-align: justify;\"><span style=\"font-size: 12pt; color: #000000;\">El gobierno nacional, al enterarse del intento de golpe, reaccion\u00f3 r\u00e1pidamente enviando efectivos de la Fuerza A\u00e9rea y del Ej\u00e9rcito, quienes bombardearon y rodearon la ciudad. Se produjo un intenso combate entre las fuerzas insurrectas del batall\u00f3n de infanter\u00eda de marina General Rafael Urdaneta y la tropa del batall\u00f3n Carabobo, comandada por el coronel Alfredo Monch, en el tr\u00e1gico sitio de La Alcantarilla.<\/span><\/p>\n<p style=\"text-align: justify;\"><span style=\"font-size: 12pt; color: #000000;\">El 3 de junio, el Ministerio de Relaciones Interiores anunci\u00f3 que las Fuerzas Armadas leales hab\u00edan puesto fin a la rebeli\u00f3n, dejando un saldo de m\u00e1s de 400 muertos y 700 heridos. El 6 de junio, los l\u00edderes de la rebeli\u00f3n fueron trasladados y cay\u00f3 el \u00faltimo reducto de los insurrectos, el fort\u00edn Solano.<\/span><\/p>\n<p style=\"text-align: justify;\"><span style=\"font-size: 12pt; color: #000000;\">La insurrecci\u00f3n revel\u00f3 la participaci\u00f3n de pol\u00edticos ligados al Partido Comunista de Venezuela, lo que llev\u00f3 a una profundizaci\u00f3n de la pol\u00edtica de depuraci\u00f3n en las Fuerzas Armadas, enfoc\u00e1ndose en oficiales sospechosos de simpatizar con la izquierda. Esta insurrecci\u00f3n marc\u00f3 un momento crucial en la historia pol\u00edtica y militar de Venezuela<\/span><\/p>\n<\/div>\n<\/div>\n<\/div>\n<\/div>\n<div class=\"mt-1 flex gap-3 empty:hidden juice:-ml-3\">\n<div class=\"items-center justify-start rounded-xl p-1 flex\">\n<div class=\"flex items-center\"><\/div>\n<\/div>\n<\/div>","excerpt":"","slug":"se-inicia-en-puerto-cabello-la-insurreccion-civico-militar-conocida-como-el-portenazo","image":{"url":"https:\/\/www.uptos.edu.ve\/wp-content\/uploads\/2024\/05\/el-portenazo.jpg","id":14373,"extension":"jpg","width":608,"height":489,"filesize":265991,"sizes":{"woocommerce_thumbnail":{"width":300,"height":300,"mime-type":"image\/jpeg","filesize":32088,"uncropped":false,"url":"https:\/\/www.uptos.edu.ve\/wp-content\/uploads\/2024\/05\/el-portenazo-300x300.jpg"},"woocommerce_gallery_thumbnail":{"width":100,"height":100,"mime-type":"image\/jpeg","filesize":9069,"url":"https:\/\/www.uptos.edu.ve\/wp-content\/uploads\/2024\/05\/el-portenazo-100x100.jpg"},"woocommerce_single":{"width":600,"height":483,"mime-type":"image\/jpeg","filesize":77888,"url":"https:\/\/www.uptos.edu.ve\/wp-content\/uploads\/2024\/05\/el-portenazo-600x483.jpg"},"medium":{"width":300,"height":300,"mime-type":"image\/jpeg","filesize":32088,"url":"https:\/\/www.uptos.edu.ve\/wp-content\/uploads\/2024\/05\/el-portenazo-300x300.jpg"},"thumbnail":{"width":150,"height":150,"mime-type":"image\/jpeg","filesize":13238,"url":"https:\/\/www.uptos.edu.ve\/wp-content\/uploads\/2024\/05\/el-portenazo-150x150.jpg"},"htmega_size_585x295":{"width":585,"height":295,"mime-type":"image\/jpeg","filesize":46506,"url":"https:\/\/www.uptos.edu.ve\/wp-content\/uploads\/2024\/05\/el-portenazo-585x295.jpg"},"htmega_size_396x360":{"width":396,"height":360,"mime-type":"image\/jpeg","filesize":45389,"url":"https:\/\/www.uptos.edu.ve\/wp-content\/uploads\/2024\/05\/el-portenazo-396x360.jpg"},"post-thumbnail":{"width":340,"height":240,"mime-type":"image\/jpeg","filesize":30120,"url":"https:\/\/www.uptos.edu.ve\/wp-content\/uploads\/2024\/05\/el-portenazo-340x240.jpg"}}},"all_day":true,"start_date":"2024-06-02 00:00:00","start_date_details":{"year":"2024","month":"06","day":"02","hour":"00","minutes":"00","seconds":"00"},"end_date":"2024-06-02 23:59:59","end_date_details":{"year":"2024","month":"06","day":"02","hour":"23","minutes":"59","seconds":"59"},"utc_start_date":"2024-06-02 03:00:00","utc_start_date_details":{"year":"2024","month":"06","day":"02","hour":"03","minutes":"00","seconds":"00"},"utc_end_date":"2024-06-03 02:59:59","utc_end_date_details":{"year":"2024","month":"06","day":"03","hour":"02","minutes":"59","seconds":"59"},"timezone":"UTC-4","timezone_abbr":"UTC-4","cost":"","cost_details":{"currency_symbol":"$","currency_code":"USD\t\t\t\t\t\t\tclass=","currency_position":"prefix","values":[]},"website":"","show_map":true,"show_map_link":true,"hide_from_listings":false,"sticky":false,"featured":false,"categories":[],"tags":[],"venue":[],"organizer":[],"custom_fields":[],"json_ld":{"@context":"http:\/\/schema.org","@type":"Event","name":"Se inicia en Puerto Cabello la insurrecci\u00f3n c\u00edvico-militar conocida como \u201cEl Porte\u00f1azo","description":"&lt;p&gt;&nbsp; El 2 de junio de 1962, se produjo la insurrecci\u00f3n de Puerto Cabello, conocida como &quot;Porte\u00f1azo&quot;, una de las conspiraciones c\u00edvico-militares m\u00e1s serias que enfrent\u00f3 el presidente R\u00f3mulo Betancourt&hellip;&lt;\/p&gt;\\n","image":"https:\/\/www.uptos.edu.ve\/wp-content\/uploads\/2024\/05\/el-portenazo.jpg","url":"https:\/\/www.uptos.edu.ve\/?tribe_events=se-inicia-en-puerto-cabello-la-insurreccion-civico-militar-conocida-como-el-portenazo","eventAttendanceMode":"https:\/\/schema.org\/OfflineEventAttendanceMode","eventStatus":"https:\/\/schema.org\/EventScheduled","startDate":"2024-06-02T00:00:00-04:00","endDate":"2024-06-02T23:59:59-04:00","performer":"Organization"}}