{"id":14145,"global_id":"www.uptos.edu.ve?id=14145","global_id_lineage":["www.uptos.edu.ve?id=14145"],"author":"1","status":"publish","date":"2024-05-08 12:47:24","date_utc":"2024-05-08 16:47:24","modified":"2024-05-08 12:47:24","modified_utc":"2024-05-08 16:47:24","url":"https:\/\/www.uptos.edu.ve\/?tribe_events=nace-el-heroe-neogranadino-atanasio-girardot","rest_url":"https:\/\/www.uptos.edu.ve\/index.php?rest_route=\/tribe\/events\/v1\/events\/14145","title":"Nace el h\u00e9roe neogranadino Atanasio Girardot","description":"<p style=\"text-align: justify;\"><span style=\"color: #000000; font-size: 12pt;\">Hoy recordamos a Atanasio Girardot (9 de mayo de 1791 &#8211; 30 de septiembre de 1813), un valiente militar colombiano y h\u00e9roe de la independencia, nacido en Calendar\u00eda, Medell\u00edn, Colombia. Hijo de Luis Girardot y Marta Josefa D\u00edaz Hoyos, proven\u00eda de una familia dedicada al comercio y la miner\u00eda. Con una educaci\u00f3n privilegiada en Antioquia y Bogot\u00e1, Girardot se destac\u00f3 en el Colegio Mayor del Rosario, donde estudi\u00f3 jurisprudencia y se gradu\u00f3 como Bachiller en derecho en 1810.<\/span><\/p>\n<p style=\"text-align: justify;\"><span style=\"color: #000000; font-size: 12pt;\">Su esp\u00edritu patriota lo llev\u00f3 a unirse al movimiento revolucionario en 1810, donde fue teniente del batall\u00f3n de voluntarios de los Guardias Nacionales. Bajo las \u00f3rdenes del Coronel Antonio Baraya, particip\u00f3 en la expedici\u00f3n contra los realistas en el Sur de la Nueva Granada. Su valent\u00eda fue evidente en la Batalla del Bajo Palac\u00e9 en 1811, donde su estrategia fue clave para la victoria patriota.<\/span><\/p>\n<p style=\"text-align: justify;\"><span style=\"color: #000000; font-size: 12pt;\">Durante la guerra interna entre federalistas y centralistas, Girardot se uni\u00f3 a este \u00faltimo bando, siendo nombrado Capit\u00e1n bajo el mando de Joaqu\u00edn Ricaurte. En 1812, se le encomend\u00f3 someter las fuerzas federalistas en Tunja y El Socorro, culminando con \u00e9xito esta tarea. Al a\u00f1o siguiente, se uni\u00f3 a Sim\u00f3n Bol\u00edvar en la Campa\u00f1a Admirable en Venezuela, demostrando su compromiso con la causa independentista.<\/span><\/p>\n<p style=\"text-align: justify;\"><span style=\"color: #000000; font-size: 12pt;\">Hoy, en su honor, recordamos el legado de valent\u00eda y sacrificio de Atanasio Girardot, un h\u00e9roe que luch\u00f3 incansablemente por la libertad de su patria<\/span><\/p>\n<p style=\"text-align: justify;\"><span style=\"color: #000000; font-size: 10pt;\">con apenas 22 a\u00f1os. Su muerte, con la bandera en la mano, fue ilustrada genialmente por Crist\u00f3bal Rojas..<\/span><\/p>","excerpt":"","slug":"nace-el-heroe-neogranadino-atanasio-girardot","image":{"url":"https:\/\/www.uptos.edu.ve\/wp-content\/uploads\/2024\/05\/giraldot.jpg","id":14146,"extension":"jpg","width":1080,"height":680,"filesize":769634,"sizes":{"woocommerce_thumbnail":{"width":300,"height":300,"mime-type":"image\/jpeg","filesize":28408,"uncropped":false,"url":"https:\/\/www.uptos.edu.ve\/wp-content\/uploads\/2024\/05\/giraldot-300x300.jpg"},"woocommerce_gallery_thumbnail":{"width":100,"height":100,"mime-type":"image\/jpeg","filesize":8992,"url":"https:\/\/www.uptos.edu.ve\/wp-content\/uploads\/2024\/05\/giraldot-100x100.jpg"},"woocommerce_single":{"width":600,"height":378,"mime-type":"image\/jpeg","filesize":63645,"url":"https:\/\/www.uptos.edu.ve\/wp-content\/uploads\/2024\/05\/giraldot-600x378.jpg"},"medium":{"width":300,"height":300,"mime-type":"image\/jpeg","filesize":28408,"url":"https:\/\/www.uptos.edu.ve\/wp-content\/uploads\/2024\/05\/giraldot-300x300.jpg"},"large":{"width":1024,"height":680,"mime-type":"image\/jpeg","filesize":182383,"url":"https:\/\/www.uptos.edu.ve\/wp-content\/uploads\/2024\/05\/giraldot-1024x680.jpg"},"thumbnail":{"width":150,"height":150,"mime-type":"image\/jpeg","filesize":12510,"url":"https:\/\/www.uptos.edu.ve\/wp-content\/uploads\/2024\/05\/giraldot-150x150.jpg"},"medium_large":{"width":768,"height":484,"mime-type":"image\/jpeg","filesize":95536,"url":"https:\/\/www.uptos.edu.ve\/wp-content\/uploads\/2024\/05\/giraldot-768x484.jpg"},"htmega_size_585x295":{"width":585,"height":295,"mime-type":"image\/jpeg","filesize":51320,"url":"https:\/\/www.uptos.edu.ve\/wp-content\/uploads\/2024\/05\/giraldot-585x295.jpg"},"htmega_size_1170x536":{"width":1080,"height":536,"mime-type":"image\/jpeg","filesize":157177,"url":"https:\/\/www.uptos.edu.ve\/wp-content\/uploads\/2024\/05\/giraldot-1080x536.jpg"},"htmega_size_396x360":{"width":396,"height":360,"mime-type":"image\/jpeg","filesize":40361,"url":"https:\/\/www.uptos.edu.ve\/wp-content\/uploads\/2024\/05\/giraldot-396x360.jpg"},"post-thumbnail":{"width":340,"height":240,"mime-type":"image\/jpeg","filesize":28148,"url":"https:\/\/www.uptos.edu.ve\/wp-content\/uploads\/2024\/05\/giraldot-340x240.jpg"}}},"all_day":true,"start_date":"2024-05-09 00:00:00","start_date_details":{"year":"2024","month":"05","day":"09","hour":"00","minutes":"00","seconds":"00"},"end_date":"2024-05-09 23:59:59","end_date_details":{"year":"2024","month":"05","day":"09","hour":"23","minutes":"59","seconds":"59"},"utc_start_date":"2024-05-09 03:00:00","utc_start_date_details":{"year":"2024","month":"05","day":"09","hour":"03","minutes":"00","seconds":"00"},"utc_end_date":"2024-05-10 02:59:59","utc_end_date_details":{"year":"2024","month":"05","day":"10","hour":"02","minutes":"59","seconds":"59"},"timezone":"UTC-4","timezone_abbr":"UTC-4","cost":"","cost_details":{"currency_symbol":"","currency_code":"","currency_position":"prefix","values":[]},"website":"","show_map":true,"show_map_link":true,"hide_from_listings":false,"sticky":false,"featured":false,"categories":[],"tags":[],"venue":[],"organizer":[],"custom_fields":[],"json_ld":{"@context":"http:\/\/schema.org","@type":"Event","name":"Nace el h\u00e9roe neogranadino Atanasio Girardot","description":"&lt;p&gt;Hoy recordamos a Atanasio Girardot (9 de mayo de 1791 - 30 de septiembre de 1813), un valiente militar colombiano y h\u00e9roe de la independencia, nacido en Calendar\u00eda, Medell\u00edn, Colombia.&hellip;&lt;\/p&gt;\\n","image":"https:\/\/www.uptos.edu.ve\/wp-content\/uploads\/2024\/05\/giraldot.jpg","url":"https:\/\/www.uptos.edu.ve\/?tribe_events=nace-el-heroe-neogranadino-atanasio-girardot","eventAttendanceMode":"https:\/\/schema.org\/OfflineEventAttendanceMode","eventStatus":"https:\/\/schema.org\/EventScheduled","startDate":"2024-05-09T00:00:00-04:00","endDate":"2024-05-09T23:59:59-04:00","performer":"Organization"}}