{"id":13234,"global_id":"www.uptos.edu.ve?id=13234","global_id_lineage":["www.uptos.edu.ve?id=13234"],"author":"1","status":"publish","date":"2024-03-13 11:32:51","date_utc":"2024-03-13 15:32:51","modified":"2024-03-13 11:32:51","modified_utc":"2024-03-13 15:32:51","url":"https:\/\/www.uptos.edu.ve\/?tribe_events=conmemoramos-la-batalla-de-las-queseras-del-medio","rest_url":"https:\/\/www.uptos.edu.ve\/index.php?rest_route=\/tribe\/events\/v1\/events\/13234","title":"Conmemoramos la Batalla de Las Queseras del Medio","description":"<p style=\"text-align: justify;\"><span style=\"color: #000000; font-family: arial, helvetica, sans-serif;\"><span style=\"font-size: 12pt;\">La<\/span> <strong>Batalla de Las Queseras del Medio<\/strong> o <strong>Combate de la Mata del Herradero<\/strong> fue una destacada acci\u00f3n militar llevada a cabo el 2 de abril\u200b de 1819 en el actual estado <a style=\"color: #000000;\" href=\"https:\/\/es.wikipedia.org\/wiki\/Apure\">Apure<\/a> de <a style=\"color: #000000;\" href=\"https:\/\/es.wikipedia.org\/wiki\/Venezuela\">Venezuela<\/a> en la cual la historiograf\u00eda venezolana dice que el pr\u00f3cer de su independencia, <a style=\"color: #000000;\" href=\"https:\/\/es.wikipedia.org\/wiki\/Jos%C3%A9_Antonio_P%C3%A1ez\">Jos\u00e9 Antonio P\u00e1ez<\/a> acompa\u00f1ado de 153 lanceros gana la batalla contra 1.200 jinetes de caballer\u00eda de las fuerzas espa\u00f1olas siendo la m\u00e1s famosa <a style=\"color: #000000;\" href=\"https:\/\/es.wikipedia.org\/wiki\/Batalla\">batalla<\/a> comandada por P\u00e1ez y en donde se dicta la famosa frase: \u00ab\u00a1Vuelvan caras!\u00bb (t\u00e1ctica de contraataque de caballer\u00eda que simulaba una huida, com\u00fan en ambos bandos). Los autores espa\u00f1oles se refieren al combate de la Mata del Herradero como parte de la campa\u00f1a de Bol\u00edvar de marchas y sucesivos combates de desgaste en el interior de Venezuela<\/span>.<\/p>","excerpt":"","slug":"conmemoramos-la-batalla-de-las-queseras-del-medio","image":{"url":"https:\/\/www.uptos.edu.ve\/wp-content\/uploads\/2024\/03\/Sin-titulox.jpeg","id":13235,"extension":"jpeg","width":275,"height":183,"filesize":9463,"sizes":{"woocommerce_gallery_thumbnail":{"width":100,"height":100,"mime-type":"image\/jpeg","filesize":3623,"url":"https:\/\/www.uptos.edu.ve\/wp-content\/uploads\/2024\/03\/Sin-titulox-100x100.jpeg"},"thumbnail":{"width":150,"height":150,"mime-type":"image\/jpeg","filesize":6938,"url":"https:\/\/www.uptos.edu.ve\/wp-content\/uploads\/2024\/03\/Sin-titulox-150x150.jpeg"}}},"all_day":true,"start_date":"2024-04-02 00:00:00","start_date_details":{"year":"2024","month":"04","day":"02","hour":"00","minutes":"00","seconds":"00"},"end_date":"2024-04-02 23:59:59","end_date_details":{"year":"2024","month":"04","day":"02","hour":"23","minutes":"59","seconds":"59"},"utc_start_date":"2024-04-02 03:00:00","utc_start_date_details":{"year":"2024","month":"04","day":"02","hour":"03","minutes":"00","seconds":"00"},"utc_end_date":"2024-04-03 02:59:59","utc_end_date_details":{"year":"2024","month":"04","day":"03","hour":"02","minutes":"59","seconds":"59"},"timezone":"UTC-4","timezone_abbr":"UTC-4","cost":"","cost_details":{"currency_symbol":"","currency_code":"","currency_position":"prefix","values":[]},"website":"","show_map":true,"show_map_link":true,"hide_from_listings":false,"sticky":false,"featured":false,"categories":[],"tags":[],"venue":[],"organizer":[],"custom_fields":[],"json_ld":{"@context":"http:\/\/schema.org","@type":"Event","name":"Conmemoramos la Batalla de Las Queseras del Medio","description":"&lt;p&gt;La Batalla de Las Queseras del Medio o Combate de la Mata del Herradero fue una destacada acci\u00f3n militar llevada a cabo el 2 de abril\u200b de 1819 en el&hellip;&lt;\/p&gt;\\n","image":"https:\/\/www.uptos.edu.ve\/wp-content\/uploads\/2024\/03\/Sin-titulox.jpeg","url":"https:\/\/www.uptos.edu.ve\/?tribe_events=conmemoramos-la-batalla-de-las-queseras-del-medio","eventAttendanceMode":"https:\/\/schema.org\/OfflineEventAttendanceMode","eventStatus":"https:\/\/schema.org\/EventScheduled","startDate":"2024-04-02T00:00:00-04:00","endDate":"2024-04-02T23:59:59-04:00","performer":"Organization"}}