{"id":13231,"global_id":"www.uptos.edu.ve?id=13231","global_id_lineage":["www.uptos.edu.ve?id=13231"],"author":"1","status":"publish","date":"2024-03-13 11:10:20","date_utc":"2024-03-13 15:10:20","modified":"2024-03-13 11:10:20","modified_utc":"2024-03-13 15:10:20","url":"https:\/\/www.uptos.edu.ve\/?tribe_events=dia-mundial-de-concienciacion-sobre-el-autismo","rest_url":"https:\/\/www.uptos.edu.ve\/index.php?rest_route=\/tribe\/events\/v1\/events\/13231","title":"D\u00eda Mundial de Concienciaci\u00f3n sobre el autismo","description":"<p style=\"text-align: justify;\"><span style=\"font-size: 12pt; font-family: arial, helvetica, sans-serif; color: #000000;\">El <strong>D\u00eda Mundial de Concienciaci\u00f3n sobre el autismo<\/strong> se celebra el 2 de abril. Fue creada por la <a style=\"color: #000000;\" href=\"https:\/\/es.wikipedia.org\/wiki\/Asamblea_General_de_las_Naciones_Unidas\">Asamblea General de las Naciones Unidas<\/a>, para poner de relieve la necesidad de contribuir a la mejora de la calidad de vida de las personas con autismo, para que puedan llevar una vida plena y gratificante como parte integrante de la sociedad.<\/span><\/p>","excerpt":"","slug":"dia-mundial-de-concienciacion-sobre-el-autismo","image":{"url":"https:\/\/www.uptos.edu.ve\/wp-content\/uploads\/2024\/03\/Sin-titulo-1232.jpg","id":13232,"extension":"jpg","width":1076,"height":1077,"filesize":440216,"sizes":{"woocommerce_thumbnail":{"width":300,"height":300,"mime-type":"image\/jpeg","filesize":24718,"uncropped":false,"url":"https:\/\/www.uptos.edu.ve\/wp-content\/uploads\/2024\/03\/Sin-titulo-1232-300x300.jpg"},"woocommerce_gallery_thumbnail":{"width":100,"height":100,"mime-type":"image\/jpeg","filesize":8698,"url":"https:\/\/www.uptos.edu.ve\/wp-content\/uploads\/2024\/03\/Sin-titulo-1232-100x100.jpg"},"woocommerce_single":{"width":600,"height":601,"mime-type":"image\/jpeg","filesize":58155,"url":"https:\/\/www.uptos.edu.ve\/wp-content\/uploads\/2024\/03\/Sin-titulo-1232-600x601.jpg"},"medium":{"width":300,"height":300,"mime-type":"image\/jpeg","filesize":24718,"url":"https:\/\/www.uptos.edu.ve\/wp-content\/uploads\/2024\/03\/Sin-titulo-1232-300x300.jpg"},"large":{"width":1024,"height":1024,"mime-type":"image\/jpeg","filesize":110422,"url":"https:\/\/www.uptos.edu.ve\/wp-content\/uploads\/2024\/03\/Sin-titulo-1232-1024x1024.jpg"},"thumbnail":{"width":150,"height":150,"mime-type":"image\/jpeg","filesize":11984,"url":"https:\/\/www.uptos.edu.ve\/wp-content\/uploads\/2024\/03\/Sin-titulo-1232-150x150.jpg"},"medium_large":{"width":768,"height":769,"mime-type":"image\/jpeg","filesize":77944,"url":"https:\/\/www.uptos.edu.ve\/wp-content\/uploads\/2024\/03\/Sin-titulo-1232-768x769.jpg"},"htmega_size_585x295":{"width":585,"height":295,"mime-type":"image\/jpeg","filesize":31038,"url":"https:\/\/www.uptos.edu.ve\/wp-content\/uploads\/2024\/03\/Sin-titulo-1232-585x295.jpg"},"htmega_size_1170x536":{"width":1076,"height":536,"mime-type":"image\/jpeg","filesize":66910,"url":"https:\/\/www.uptos.edu.ve\/wp-content\/uploads\/2024\/03\/Sin-titulo-1232-1076x536.jpg"},"htmega_size_396x360":{"width":396,"height":360,"mime-type":"image\/jpeg","filesize":33975,"url":"https:\/\/www.uptos.edu.ve\/wp-content\/uploads\/2024\/03\/Sin-titulo-1232-396x360.jpg"},"post-thumbnail":{"width":340,"height":240,"mime-type":"image\/jpeg","filesize":22201,"url":"https:\/\/www.uptos.edu.ve\/wp-content\/uploads\/2024\/03\/Sin-titulo-1232-340x240.jpg"}}},"all_day":true,"start_date":"2024-04-02 00:00:00","start_date_details":{"year":"2024","month":"04","day":"02","hour":"00","minutes":"00","seconds":"00"},"end_date":"2024-04-02 23:59:59","end_date_details":{"year":"2024","month":"04","day":"02","hour":"23","minutes":"59","seconds":"59"},"utc_start_date":"2024-04-02 03:00:00","utc_start_date_details":{"year":"2024","month":"04","day":"02","hour":"03","minutes":"00","seconds":"00"},"utc_end_date":"2024-04-03 02:59:59","utc_end_date_details":{"year":"2024","month":"04","day":"03","hour":"02","minutes":"59","seconds":"59"},"timezone":"UTC-4","timezone_abbr":"UTC-4","cost":"","cost_details":{"currency_symbol":"","currency_code":"","currency_position":"prefix","values":[]},"website":"","show_map":true,"show_map_link":true,"hide_from_listings":false,"sticky":false,"featured":false,"categories":[],"tags":[],"venue":[],"organizer":[],"custom_fields":[],"json_ld":{"@context":"http:\/\/schema.org","@type":"Event","name":"D\u00eda Mundial de Concienciaci\u00f3n sobre el autismo","description":"&lt;p&gt;El D\u00eda Mundial de Concienciaci\u00f3n sobre el autismo se celebra el 2 de abril. Fue creada por la Asamblea General de las Naciones Unidas, para poner de relieve la necesidad&hellip;&lt;\/p&gt;\\n","image":"https:\/\/www.uptos.edu.ve\/wp-content\/uploads\/2024\/03\/Sin-titulo-1232.jpg","url":"https:\/\/www.uptos.edu.ve\/?tribe_events=dia-mundial-de-concienciacion-sobre-el-autismo","eventAttendanceMode":"https:\/\/schema.org\/OfflineEventAttendanceMode","eventStatus":"https:\/\/schema.org\/EventScheduled","startDate":"2024-04-02T00:00:00-04:00","endDate":"2024-04-02T23:59:59-04:00","performer":"Organization"}}