{"id":13228,"global_id":"www.uptos.edu.ve?id=13228","global_id_lineage":["www.uptos.edu.ve?id=13228"],"author":"1","status":"publish","date":"2024-03-13 10:09:55","date_utc":"2024-03-13 14:09:55","modified":"2024-03-13 10:09:55","modified_utc":"2024-03-13 14:09:55","url":"https:\/\/www.uptos.edu.ve\/?tribe_events=viernes-santo","rest_url":"https:\/\/www.uptos.edu.ve\/index.php?rest_route=\/tribe\/events\/v1\/events\/13228","title":"Viernes Santo","description":"<p style=\"text-align: justify;\"><span style=\"font-size: 12pt; font-family: arial, helvetica, sans-serif; color: #000000;\">El <i>Viernes Santo<\/i> conmemora la Muerte de Cristo en la Cruz. Ya en las p\u00e1ginas del Nuevo Testamento se manifiesta que la devoci\u00f3n es muy antigua. La misa inicia alrededor de las tres de la tarde, hora en que seg\u00fan los evangelios fue la crucifixi\u00f3n. Este d\u00eda es conmovedor y doloroso para los fieles, pero a la vez de esperanza porque anuncia la pr\u00f3xima resurrecci\u00f3n de Jes\u00fas. \u00c9l invita a pensar en los propios pecados, en la compasi\u00f3n hacia el pr\u00f3jimo y la renovaci\u00f3n de la Fe. Durante el Viernes Santo los fieles participan del dolor y sacrificio del Cuerpo y Sangre de Jes\u00fas en la Cruz. Pero este d\u00eda tambi\u00e9n evoca el amor y el perd\u00f3n de Cristo ante las mayores crueldades. El Viernes, junto con el Jueves y el S\u00e1bado de la Semana Santa, conforma el Triduo Pascual (los tres d\u00edas en que la misa conmemora la pasi\u00f3n de Jesucristo).<\/span><\/p>","excerpt":"","slug":"viernes-santo","image":{"url":"https:\/\/www.uptos.edu.ve\/wp-content\/uploads\/2024\/03\/devocion-de-los-33-credos-para-el-viernes-santo.jpg","id":13229,"extension":"jpg","width":800,"height":500,"filesize":107457,"sizes":{"woocommerce_thumbnail":{"width":300,"height":300,"mime-type":"image\/jpeg","filesize":22128,"uncropped":false,"url":"https:\/\/www.uptos.edu.ve\/wp-content\/uploads\/2024\/03\/devocion-de-los-33-credos-para-el-viernes-santo-300x300.jpg"},"woocommerce_gallery_thumbnail":{"width":100,"height":100,"mime-type":"image\/jpeg","filesize":3780,"url":"https:\/\/www.uptos.edu.ve\/wp-content\/uploads\/2024\/03\/devocion-de-los-33-credos-para-el-viernes-santo-100x100.jpg"},"woocommerce_single":{"width":600,"height":375,"mime-type":"image\/jpeg","filesize":50782,"url":"https:\/\/www.uptos.edu.ve\/wp-content\/uploads\/2024\/03\/devocion-de-los-33-credos-para-el-viernes-santo-600x375.jpg"},"medium":{"width":300,"height":300,"mime-type":"image\/jpeg","filesize":22128,"url":"https:\/\/www.uptos.edu.ve\/wp-content\/uploads\/2024\/03\/devocion-de-los-33-credos-para-el-viernes-santo-300x300.jpg"},"thumbnail":{"width":150,"height":150,"mime-type":"image\/jpeg","filesize":6861,"url":"https:\/\/www.uptos.edu.ve\/wp-content\/uploads\/2024\/03\/devocion-de-los-33-credos-para-el-viernes-santo-150x150.jpg"},"medium_large":{"width":768,"height":480,"mime-type":"image\/jpeg","filesize":77080,"url":"https:\/\/www.uptos.edu.ve\/wp-content\/uploads\/2024\/03\/devocion-de-los-33-credos-para-el-viernes-santo-768x480.jpg"},"htmega_size_585x295":{"width":585,"height":295,"mime-type":"image\/jpeg","filesize":39052,"url":"https:\/\/www.uptos.edu.ve\/wp-content\/uploads\/2024\/03\/devocion-de-los-33-credos-para-el-viernes-santo-585x295.jpg"},"htmega_size_396x360":{"width":396,"height":360,"mime-type":"image\/jpeg","filesize":33161,"url":"https:\/\/www.uptos.edu.ve\/wp-content\/uploads\/2024\/03\/devocion-de-los-33-credos-para-el-viernes-santo-396x360.jpg"},"post-thumbnail":{"width":340,"height":240,"mime-type":"image\/jpeg","filesize":20855,"url":"https:\/\/www.uptos.edu.ve\/wp-content\/uploads\/2024\/03\/devocion-de-los-33-credos-para-el-viernes-santo-340x240.jpg"}}},"all_day":true,"start_date":"2024-03-29 00:00:00","start_date_details":{"year":"2024","month":"03","day":"29","hour":"00","minutes":"00","seconds":"00"},"end_date":"2024-03-29 23:59:59","end_date_details":{"year":"2024","month":"03","day":"29","hour":"23","minutes":"59","seconds":"59"},"utc_start_date":"2024-03-29 03:00:00","utc_start_date_details":{"year":"2024","month":"03","day":"29","hour":"03","minutes":"00","seconds":"00"},"utc_end_date":"2024-03-30 02:59:59","utc_end_date_details":{"year":"2024","month":"03","day":"30","hour":"02","minutes":"59","seconds":"59"},"timezone":"UTC-4","timezone_abbr":"UTC-4","cost":"","cost_details":{"currency_symbol":"","currency_code":"","currency_position":"prefix","values":[]},"website":"","show_map":true,"show_map_link":true,"hide_from_listings":false,"sticky":false,"featured":false,"categories":[],"tags":[],"venue":[],"organizer":[],"custom_fields":[],"json_ld":{"@context":"http:\/\/schema.org","@type":"Event","name":"Viernes Santo","description":"&lt;p&gt;El Viernes Santo conmemora la Muerte de Cristo en la Cruz. Ya en las p\u00e1ginas del Nuevo Testamento se manifiesta que la devoci\u00f3n es muy antigua. La misa inicia alrededor&hellip;&lt;\/p&gt;\\n","image":"https:\/\/www.uptos.edu.ve\/wp-content\/uploads\/2024\/03\/devocion-de-los-33-credos-para-el-viernes-santo.jpg","url":"https:\/\/www.uptos.edu.ve\/?tribe_events=viernes-santo","eventAttendanceMode":"https:\/\/schema.org\/OfflineEventAttendanceMode","eventStatus":"https:\/\/schema.org\/EventScheduled","startDate":"2024-03-29T00:00:00-04:00","endDate":"2024-03-29T23:59:59-04:00","performer":"Organization"}}