{"id":13106,"global_id":"www.uptos.edu.ve?id=13106","global_id_lineage":["www.uptos.edu.ve?id=13106"],"author":"1","status":"publish","date":"2024-02-29 11:30:14","date_utc":"2024-02-29 15:30:14","modified":"2024-02-29 11:33:23","modified_utc":"2024-02-29 15:33:23","url":"https:\/\/www.uptos.edu.ve\/?tribe_events=28-de-marzo-natalicio-de-francisco-de-miranda","rest_url":"https:\/\/www.uptos.edu.ve\/index.php?rest_route=\/tribe\/events\/v1\/events\/13106","title":"28 de marzo: Natalicio de Francisco de Miranda.","description":"<p style=\"text-align: justify;\"><span style=\"font-size: 12pt; font-family: arial, helvetica, sans-serif; color: #000000;\"><strong>Sebasti\u00e1n Francisco de Miranda y Rodr\u00edguez Espinoza<\/strong> (<a style=\"color: #000000;\" href=\"https:\/\/es.wikipedia.org\/wiki\/Caracas\">Caracas<\/a>, 28 de marzo de 1750-<a style=\"color: #000000;\" href=\"https:\/\/es.wikipedia.org\/wiki\/San_Fernando_(C%C3%A1diz)\">San Fernando<\/a>, 14 de julio de 1816), conocido como <strong>Francisco de Miranda<\/strong>, fue un <a style=\"color: #000000;\" href=\"https:\/\/es.wikipedia.org\/wiki\/Pol%C3%ADtico\">pol\u00edtico<\/a>, <a style=\"color: #000000;\" href=\"https:\/\/es.wikipedia.org\/wiki\/Militar\">militar<\/a>, <a style=\"color: #000000;\" href=\"https:\/\/es.wikipedia.org\/wiki\/Diplom%C3%A1tico\">diplom\u00e1tico<\/a>, <a style=\"color: #000000;\" href=\"https:\/\/es.wikipedia.org\/wiki\/Escritor\">escritor<\/a>, <a style=\"color: #000000;\" href=\"https:\/\/es.wikipedia.org\/wiki\/Humanista\">humanista<\/a> e <a style=\"color: #000000;\" href=\"https:\/\/es.wikipedia.org\/wiki\/Ide%C3%B3logo\">ide\u00f3logo<\/a> <a style=\"color: #000000;\" href=\"https:\/\/es.wikipedia.org\/wiki\/Venezolano\">venezolano<\/a>, considerado como el precursor de la <a style=\"color: #000000;\" href=\"https:\/\/es.wikipedia.org\/wiki\/Emancipaci%C3%B3n_americana\">emancipaci\u00f3n americana<\/a> contra el <a style=\"color: #000000;\" href=\"https:\/\/es.wikipedia.org\/wiki\/Imperio_espa%C3%B1ol\">Imperio espa\u00f1ol<\/a>. Conocido como \u00abel primer venezolano universal\u00bb y \u00abel americano m\u00e1s universal\u00bb, particip\u00f3 en la <a style=\"color: #000000;\" href=\"https:\/\/es.wikipedia.org\/wiki\/Revoluci%C3%B3n_de_las_Trece_Colonias\">Revoluci\u00f3n estadounidense<\/a> y en la <a style=\"color: #000000;\" href=\"https:\/\/es.wikipedia.org\/wiki\/Revoluci%C3%B3n_francesa\">Revoluci\u00f3n francesa<\/a>, acontecimientos donde fue protagonista destacado por lo que le fue otorgado el t\u00edtulo de h\u00e9roe de la revoluci\u00f3n. Posteriormente fue l\u00edder del bando patriota en la <a style=\"color: #000000;\" href=\"https:\/\/es.wikipedia.org\/wiki\/Guerra_de_Independencia_de_Venezuela\">Guerra de Independencia de Venezuela<\/a>.<\/span><\/p>\n<p style=\"text-align: justify;\"><span style=\"font-size: 12pt; font-family: arial, helvetica, sans-serif; color: #000000;\">Destac\u00f3 en la <a style=\"color: #000000;\" href=\"https:\/\/es.wikipedia.org\/wiki\/Pol%C3%ADtica\">pol\u00edtica<\/a> como un firme defensor de la independencia y la soberan\u00eda de las naciones en el \u00e1mbito internacional. Milit\u00f3 con los <a style=\"color: #000000;\" href=\"https:\/\/es.wikipedia.org\/wiki\/Girondino\">girondinos<\/a> en <a style=\"color: #000000;\" href=\"https:\/\/es.wikipedia.org\/wiki\/Francia\">Francia<\/a>, fue firmante del <a style=\"color: #000000;\" href=\"https:\/\/es.wikipedia.org\/wiki\/Acta_de_la_Declaraci%C3%B3n_de_Independencia_de_Venezuela\">Acta de la Declaraci\u00f3n de Independencia de Venezuela<\/a> e impulsor y l\u00edder de la <a style=\"color: #000000;\" href=\"https:\/\/es.wikipedia.org\/wiki\/Sociedad_Patri%C3%B3tica_(Venezuela)\">Sociedad Patri\u00f3tica<\/a>. Tambi\u00e9n fue el creador del proyecto <a style=\"color: #000000;\" href=\"https:\/\/es.wikipedia.org\/wiki\/Geopol%C3%ADtico\">geopol\u00edtico<\/a> conocido como <a style=\"color: #000000;\" href=\"https:\/\/es.wikipedia.org\/wiki\/Colombeia_(naci%C3%B3n)\">Colombeia o Colombia<\/a>, lo cual <a style=\"color: #000000;\" href=\"https:\/\/es.wikipedia.org\/wiki\/Sim%C3%B3n_Bol%C3%ADvar\">Sim\u00f3n Bol\u00edvar<\/a> tratar\u00eda de llevar a cabo en 1826, tras la liberaci\u00f3n de los territorios que hoy conforman <a style=\"color: #000000;\" href=\"https:\/\/es.wikipedia.org\/wiki\/Colombia\">Colombia<\/a>, <a style=\"color: #000000;\" href=\"https:\/\/es.wikipedia.org\/wiki\/Panam%C3%A1\">Panam\u00e1<\/a>, <a style=\"color: #000000;\" href=\"https:\/\/es.wikipedia.org\/wiki\/Ecuador\">Ecuador<\/a> y <a style=\"color: #000000;\" href=\"https:\/\/es.wikipedia.org\/wiki\/Venezuela\">Venezuela<\/a>, para unificarlos en la naci\u00f3n de la <a style=\"color: #000000;\" href=\"https:\/\/es.wikipedia.org\/wiki\/Gran_Colombia\">Rep\u00fablica de Colombia<\/a>.<\/span><\/p>\n<p style=\"text-align: justify;\"><span style=\"font-size: 12pt; font-family: arial, helvetica, sans-serif; color: #000000;\">Al militar en las filas de los ej\u00e9rcitos <a style=\"color: #000000;\" href=\"https:\/\/es.wikipedia.org\/wiki\/Ej%C3%A9rcito_Espa%C3%B1ol\">espa\u00f1ol<\/a> y <a style=\"color: #000000;\" href=\"https:\/\/es.wikipedia.org\/wiki\/Ej%C3%A9rcito_Franc%C3%A9s\">franc\u00e9s<\/a> alcanz\u00f3 los rangos de <a style=\"color: #000000;\" href=\"https:\/\/es.wikipedia.org\/wiki\/Coronel\">coronel<\/a> y <a style=\"color: #000000;\" href=\"https:\/\/es.wikipedia.org\/wiki\/Mariscal\">mariscal<\/a>, respectivamente. Adem\u00e1s, obtuvo el grado de <a style=\"color: #000000;\" href=\"https:\/\/es.wikipedia.org\/wiki\/Coronel\">coronel<\/a> en el <a style=\"color: #000000;\" href=\"https:\/\/es.wikipedia.org\/wiki\/Ej%C3%A9rcito_ruso\">ej\u00e9rcito ruso<\/a>, concedido por <a style=\"color: #000000;\" href=\"https:\/\/es.wikipedia.org\/wiki\/Catalina_II_la_Grande\">Catalina II la Grande<\/a>, y fue el primer <a style=\"color: #000000;\" href=\"https:\/\/es.wikipedia.org\/wiki\/Fuerzas_Armadas_de_Venezuela\">comandante en jefe de los ej\u00e9rcitos venezolanos<\/a>, ostentando el t\u00edtulo de <a style=\"color: #000000;\" href=\"https:\/\/es.wikipedia.org\/wiki\/General%C3%ADsimo\">general\u00edsimo<\/a>. Su carrera militar contempla su participaci\u00f3n en cuatro contiendas: el <a style=\"color: #000000;\" href=\"https:\/\/es.wikipedia.org\/wiki\/Sitio_de_Melilla_(1774-1775)\">sitio de Melilla (1774-1775)<\/a> y la <a style=\"color: #000000;\" href=\"https:\/\/es.wikipedia.org\/wiki\/Invasi%C3%B3n_espa%C3%B1ola_de_Argel_de_1775\">invasi\u00f3n espa\u00f1ola de Argel de 1775<\/a> en el norte de \u00c1frica, la <a style=\"color: #000000;\" href=\"https:\/\/es.wikipedia.org\/wiki\/Guerra_de_independencia_estadounidense\">guerra de independencia estadounidense<\/a>, las <a style=\"color: #000000;\" href=\"https:\/\/es.wikipedia.org\/wiki\/Guerras_revolucionarias_francesas\">guerras revolucionarias francesas<\/a> y la <a style=\"color: #000000;\" href=\"https:\/\/es.wikipedia.org\/wiki\/Guerra_de_independencia_de_Venezuela\">guerra de independencia de Venezuela<\/a>. Entre sus gestas militares destacan su actuaci\u00f3n en el sitio de Melilla, la <a style=\"color: #000000;\" href=\"https:\/\/es.wikipedia.org\/wiki\/Batalla_de_Pensacola\">batalla de Pensacola<\/a> en Estados Unidos y la <a style=\"color: #000000;\" href=\"https:\/\/es.wikipedia.org\/wiki\/Batalla_de_Valmy\">batalla de Valmy<\/a> en Francia. Miranda fue combatiente destacado en tres continentes: <a style=\"color: #000000;\" href=\"https:\/\/es.wikipedia.org\/wiki\/%C3%81frica\">\u00c1frica<\/a>, <a style=\"color: #000000;\" href=\"https:\/\/es.wikipedia.org\/wiki\/Am%C3%A9rica\">Am\u00e9rica<\/a> y <a style=\"color: #000000;\" href=\"https:\/\/es.wikipedia.org\/wiki\/Europa\">Europa<\/a>.<\/span><\/p>\n<p style=\"text-align: justify;\"><span style=\"font-size: 12pt; font-family: arial, helvetica, sans-serif; color: #000000;\">A pesar de haber formado parte de tantos procesos revolucionarios y gubernamentales en el \u00e1mbito internacional, fracas\u00f3 a la hora de poner en pr\u00e1ctica sus proyectos en su propio pa\u00eds, <a style=\"color: #000000;\" href=\"https:\/\/es.wikipedia.org\/wiki\/Venezuela\">Venezuela<\/a>. No obstante, su ideal <a style=\"color: #000000;\" href=\"https:\/\/es.wikipedia.org\/wiki\/Pol%C3%ADtico\">pol\u00edtico<\/a> perdur\u00f3 en el tiempo y sirvi\u00f3 de base para la fundaci\u00f3n de la <a style=\"color: #000000;\" href=\"https:\/\/es.wikipedia.org\/wiki\/Gran_Colombia\">Gran Colombia<\/a>, mientras que sus ideas independentistas influyeron en destacados l\u00edderes de la emancipaci\u00f3n americana como <a style=\"color: #000000;\" href=\"https:\/\/es.wikipedia.org\/wiki\/Sim%C3%B3n_Bol%C3%ADvar\">Sim\u00f3n Bol\u00edvar<\/a> en Venezuela y <a style=\"color: #000000;\" href=\"https:\/\/es.wikipedia.org\/wiki\/Bernardo_O%27Higgins\">Bernardo O&#8217;Higgins<\/a> en Chile.<\/span><\/p>\n<p style=\"text-align: justify;\"><span style=\"font-size: 12pt; font-family: arial, helvetica, sans-serif; color: #000000;\">Su nombre est\u00e1 grabado en el <a style=\"color: #000000;\" href=\"https:\/\/es.wikipedia.org\/wiki\/Arco_del_Triunfo_de_Par%C3%ADs\">Arco del Triunfo de Par\u00eds<\/a>, su retrato forma parte de la Galer\u00eda de los Personajes en el <a style=\"color: #000000;\" href=\"https:\/\/es.wikipedia.org\/wiki\/Palacio_de_Versalles\">Palacio de Versalles<\/a> y su estatua se encuentra frente a la del <a style=\"color: #000000;\" href=\"https:\/\/es.wikipedia.org\/wiki\/General\">general<\/a> <a style=\"color: #000000;\" href=\"https:\/\/es.wikipedia.org\/wiki\/Fran%C3%A7ois_Christophe_Kellermann\">Kellerman<\/a> en el Campo de <a style=\"color: #000000;\" href=\"https:\/\/es.wikipedia.org\/wiki\/Valmy\">Valmy<\/a>, <a style=\"color: #000000;\" href=\"https:\/\/es.wikipedia.org\/wiki\/Francia\">Francia<\/a>.<\/span><\/p>\n<p><span style=\"font-size: 12pt; font-family: arial, helvetica, sans-serif; color: #000000;\">Fuente: Wikipedia<\/span><\/p>\n<p>&nbsp;<\/p>","excerpt":"","slug":"28-de-marzo-natalicio-de-francisco-de-miranda","image":{"url":"https:\/\/www.uptos.edu.ve\/wp-content\/uploads\/2024\/02\/Francisco-de-Miranda.jpeg","id":13107,"extension":"jpeg","width":394,"height":270,"filesize":13265,"sizes":{"woocommerce_thumbnail":{"width":300,"height":270,"mime-type":"image\/jpeg","filesize":13520,"uncropped":false,"url":"https:\/\/www.uptos.edu.ve\/wp-content\/uploads\/2024\/02\/Francisco-de-Miranda-300x270.jpeg"},"woocommerce_gallery_thumbnail":{"width":100,"height":100,"mime-type":"image\/jpeg","filesize":2814,"url":"https:\/\/www.uptos.edu.ve\/wp-content\/uploads\/2024\/02\/Francisco-de-Miranda-100x100.jpeg"},"medium":{"width":300,"height":270,"mime-type":"image\/jpeg","filesize":13520,"url":"https:\/\/www.uptos.edu.ve\/wp-content\/uploads\/2024\/02\/Francisco-de-Miranda-300x270.jpeg"},"thumbnail":{"width":150,"height":150,"mime-type":"image\/jpeg","filesize":5077,"url":"https:\/\/www.uptos.edu.ve\/wp-content\/uploads\/2024\/02\/Francisco-de-Miranda-150x150.jpeg"},"post-thumbnail":{"width":340,"height":240,"mime-type":"image\/jpeg","filesize":11813,"url":"https:\/\/www.uptos.edu.ve\/wp-content\/uploads\/2024\/02\/Francisco-de-Miranda-340x240.jpeg"}}},"all_day":true,"start_date":"2024-03-28 00:00:00","start_date_details":{"year":"2024","month":"03","day":"28","hour":"00","minutes":"00","seconds":"00"},"end_date":"2024-03-28 23:59:59","end_date_details":{"year":"2024","month":"03","day":"28","hour":"23","minutes":"59","seconds":"59"},"utc_start_date":"2024-03-28 03:00:00","utc_start_date_details":{"year":"2024","month":"03","day":"28","hour":"03","minutes":"00","seconds":"00"},"utc_end_date":"2024-03-29 02:59:59","utc_end_date_details":{"year":"2024","month":"03","day":"29","hour":"02","minutes":"59","seconds":"59"},"timezone":"UTC-4","timezone_abbr":"UTC-4","cost":"","cost_details":{"currency_symbol":"","currency_code":"","currency_position":"prefix","values":[]},"website":"","show_map":true,"show_map_link":true,"hide_from_listings":false,"sticky":false,"featured":false,"categories":[],"tags":[],"venue":[],"organizer":[],"custom_fields":[],"json_ld":{"@context":"http:\/\/schema.org","@type":"Event","name":"28 de marzo: Natalicio de Francisco de Miranda.","description":"&lt;p&gt;Sebasti\u00e1n Francisco de Miranda y Rodr\u00edguez Espinoza (Caracas, 28 de marzo de 1750-San Fernando, 14 de julio de 1816), conocido como Francisco de Miranda, fue un pol\u00edtico, militar, diplom\u00e1tico, escritor,&hellip;&lt;\/p&gt;\\n","image":"https:\/\/www.uptos.edu.ve\/wp-content\/uploads\/2024\/02\/Francisco-de-Miranda.jpeg","url":"https:\/\/www.uptos.edu.ve\/?tribe_events=28-de-marzo-natalicio-de-francisco-de-miranda","eventAttendanceMode":"https:\/\/schema.org\/OfflineEventAttendanceMode","eventStatus":"https:\/\/schema.org\/EventScheduled","startDate":"2024-03-28T00:00:00-04:00","endDate":"2024-03-28T23:59:59-04:00","performer":"Organization"}}