{"id":13075,"global_id":"www.uptos.edu.ve?id=13075","global_id_lineage":["www.uptos.edu.ve?id=13075"],"author":"1","status":"publish","date":"2024-02-28 13:30:51","date_utc":"2024-02-28 17:30:51","modified":"2024-02-28 13:30:51","modified_utc":"2024-02-28 17:30:51","url":"https:\/\/www.uptos.edu.ve\/?tribe_events=14-de-marzo-natalicio-de-luis-beltran-prieto-figueroa","rest_url":"https:\/\/www.uptos.edu.ve\/index.php?rest_route=\/tribe\/events\/v1\/events\/13075","title":"14 de marzo: natalicio de Luis Beltr\u00e1n Prieto Figueroa.","description":"<p style=\"text-align: justify;\"><span style=\"font-size: 12pt; font-family: arial, helvetica, sans-serif; color: #000000;\">Nacido en La Asunci\u00f3n, capital del <a style=\"color: #000000;\" href=\"https:\/\/es.wikipedia.org\/wiki\/Estado_Nueva_Esparta\">estado Nueva Esparta<\/a>. Hijo de Loreto Prieto Higuerey y Josefa Figueroa. Realiz\u00f3 sus estudios primarios en la Escuela Federal Francisco Esteban G\u00f3mez de su ciudad natal, y en 1918 inici\u00f3 estudios de secundaria en el Colegio Federal hasta 1925 cuando se traslad\u00f3 a Caracas donde concluy\u00f3 sus estudios de secundaria en el liceo Caracas en 1927. Egresa de la <a style=\"color: #000000;\" href=\"https:\/\/es.wikipedia.org\/wiki\/Universidad_Central_de_Venezuela\">Universidad Central de Venezuela<\/a> en 1934, con el t\u00edtulo de doctor en Ciencias Pol\u00edticas y Sociales.<\/span><\/p>\n<p style=\"text-align: justify;\"><span style=\"font-size: 12pt; font-family: arial, helvetica, sans-serif; color: #000000;\">Desde muy joven se dedic\u00f3 a la docencia. Fue maestro en la Escuela Francisco Esteban G\u00f3mez de La Asunci\u00f3n, en donde imparti\u00f3 estudios de primaria. Profesor de secundaria en el Liceo Andr\u00e9s Bello, Instituto San Pablo y escuelas normales. Profesor a nivel superior en el Instituto Pedag\u00f3gico Nacional y en la Universidad Central de Venezuela. Fue fundador y primer presidente de la Federaci\u00f3n Venezolana de Maestros en 1936. Se consider\u00f3 uno de los mejores pedagogos de Am\u00e9rica.<\/span><\/p>\n<p style=\"text-align: justify;\"><span style=\"font-size: 12pt; font-family: arial, helvetica, sans-serif; color: #000000;\">Entr\u00f3 de lleno en la pol\u00edtica a ser uno de los cofundadores del partido de <a style=\"color: #000000;\" href=\"https:\/\/es.wikipedia.org\/wiki\/Acci%C3%B3n_Democr%C3%A1tica\">Acci\u00f3n Democr\u00e1tica<\/a> en 1941, form\u00f3 parte de la <em>Junta Revolucionaria de Gobierno<\/em> que surgi\u00f3 al ser derrocado el presidente <a style=\"color: #000000;\" href=\"https:\/\/es.wikipedia.org\/wiki\/Isa%C3%ADas_Medina_Angarita\">Isa\u00edas Medina Angarita<\/a>, el 18 de octubre de 1945. Fund\u00f3 el partido de izquierda Movimiento Electoral del Pueblo (MEP). El 8 de abril de 1947 firm\u00f3 el decreto para la edici\u00f3n de las Obras Completas del Libertador, compiladas por Vicente Lecuna que circularon el mismo a\u00f1o, y cre\u00f3 la Comisi\u00f3n Organizadora de las Obras Completas de Andr\u00e9s Bello. Mediante una resoluci\u00f3n del 10 de julio del mismo a\u00f1o, transform\u00f3 la vieja Escuela de Artes y Oficios para Hombres en Escuela T\u00e9cnica Industrial. En 1948 fue designado por el presidente <a style=\"color: #000000;\" href=\"https:\/\/es.wikipedia.org\/wiki\/R%C3%B3mulo_Gallegos\">R\u00f3mulo Gallegos<\/a>, <a style=\"color: #000000;\" href=\"https:\/\/es.wikipedia.org\/wiki\/Ministro_de_Educaci%C3%B3n\">Ministro de Educaci\u00f3n<\/a>.<\/span><\/p>\n<p style=\"text-align: justify;\"><span style=\"font-size: 12pt; font-family: arial, helvetica, sans-serif; color: #000000;\">Fue coautor del primer proyecto de Ley de Educaci\u00f3n en 1948, y de la Ley de Educaci\u00f3n, aprobada el 9 de julio de 1980. Uno de los principales aportes te\u00f3ricos de Prieto sobre la educaci\u00f3n, fue la tesis del Estado docente, la cual elabor\u00f3 a partir del concepto Estado social de <a style=\"color: #000000;\" href=\"https:\/\/es.wikipedia.org\/wiki\/Hermann_Heller\">Hermann Heller<\/a>, de la escuela pol\u00edtica alemana. Esta tesis la expuso Prieto Figueroa en una conferencia dictada en la escuela normal Miguel Antonio Caro, en agosto de 1946, en los siguientes t\u00e9rminos: \u00ab<em>Todo Estado responsable y con autoridad real asume como funci\u00f3n suya la orientaci\u00f3n general de la educaci\u00f3n. Esa orientaci\u00f3n expresa su doctrina pol\u00edtica y en consecuencia, conforma la conciencia de los ciudadanos<\/em>\u00ab. De acuerdo con lo anterior, la educaci\u00f3n deb\u00eda responder al inter\u00e9s de la mayor\u00eda y en tal sentido habr\u00eda de ser democr\u00e1tica, gratuita y obligatoria combinando la igualdad de oportunidades y la selecci\u00f3n sobre la base de las capacidades del individuo.<sup><a style=\"color: #000000;\" href=\"https:\/\/es.wikipedia.org\/wiki\/Luis_Beltr%C3%A1n_Prieto_Figueroa#cite_note-3\">3<\/a><\/sup>\u200b<\/span><\/p>\n<p style=\"text-align: justify;\"><span style=\"font-size: 12pt; font-family: arial, helvetica, sans-serif; color: #000000;\">En cuanto a los diversos cargos p\u00fablicos que ocup\u00f3, tenemos que fue <a style=\"color: #000000;\" href=\"https:\/\/es.wikipedia.org\/wiki\/Senador\">senador<\/a> por el estado <a style=\"color: #000000;\" href=\"https:\/\/es.wikipedia.org\/wiki\/Nueva_Esparta\">Nueva Esparta<\/a> (1936-1941; 1959-1969), presidente del Consejo Permanente de Cultura del Senado (1974-1979). Entre 1962 y 1967 fue presidente del Congreso de la Rep\u00fablica. Antes de esto hab\u00eda sido secretario general de la Junta Revolucionaria de Gobierno (1945-1948) y ministro de Educaci\u00f3n (1947-1948). A ra\u00edz del <a style=\"color: #000000;\" href=\"https:\/\/es.wikipedia.org\/wiki\/Golpe_de_Estado_en_Venezuela_de_1948\">golpe de Estado del 24 de noviembre de 1948<\/a>, Prieto Figueroa fue al exilio. Con el restablecimiento de la democracia el 23 de enero de 1958, regresa a Venezuela y se dedic\u00f3 a la labor educativa en el exterior como jefe de misi\u00f3n al servicio de la <a style=\"color: #000000;\" href=\"https:\/\/es.wikipedia.org\/wiki\/Unesco\">Unesco<\/a>, primero en <a style=\"color: #000000;\" href=\"https:\/\/es.wikipedia.org\/wiki\/Costa_Rica\">Costa Rica<\/a> (1951-1955) y luego en <a style=\"color: #000000;\" href=\"https:\/\/es.wikipedia.org\/wiki\/Honduras\">Honduras<\/a> (1955-1958). Tambi\u00e9n fue profesor de la <a style=\"color: #000000;\" href=\"https:\/\/es.wikipedia.org\/wiki\/Universidad_de_La_Habana\">Universidad de La Habana<\/a> (1950-1951). El 22 de agosto de 1959, durante el <a style=\"color: #000000;\" href=\"https:\/\/es.wikipedia.org\/wiki\/Segundo_gobierno_de_R%C3%B3mulo_Betancourt\">gobierno de R\u00f3mulo Betancourt<\/a> fund\u00f3 el <em>Instituto Nacional de Cooperaci\u00f3n Educativa<\/em> (INCE, actual INCES) con una Ley basada en las ideas de este insigne maestro, probo en una educaci\u00f3n totalmente diferente para su \u00e9poca, con \u00e9nfasis en el trabajo, las capacidades y el oficio.<\/span><\/p>\n<p style=\"text-align: justify;\"><span style=\"font-size: 12pt; font-family: arial, helvetica, sans-serif; color: #000000;\">En 1964, uno de los puentes colgantes del parque nacional La Llovizna, ubicado en el <a style=\"color: #000000;\" href=\"https:\/\/es.wikipedia.org\/wiki\/Bol%C3%ADvar_(Venezuela)\">estado Bol\u00edvar<\/a>, al sur de Venezuela, colapsa, causando la tragedia donde fallece un grupo de maestros que visitaban la regi\u00f3n para asistir a la convenci\u00f3n de la <a style=\"color: #000000;\" href=\"https:\/\/es.wikipedia.org\/w\/index.php?title=Federaci%C3%B3n_Venezolana_de_Maestros&amp;action=edit&amp;redlink=1\">Federaci\u00f3n Venezolana de Maestros<\/a>. Prieto Figueroa, quien no estaba en el puente al momento de la tragedia, salva su vida por mera coincidencia, porque cuando se dirig\u00eda al mismo, un grupo de periodistas lo intercept\u00f3 para hacerle preguntas sobre la convenci\u00f3n magisterial.<\/span><\/p>\n<p style=\"text-align: justify;\">","excerpt":"","slug":"14-de-marzo-natalicio-de-luis-beltran-prieto-figueroa","image":{"url":"https:\/\/www.uptos.edu.ve\/wp-content\/uploads\/2024\/02\/Luis_Beltran_Prieto_Figueroa.jpg","id":13076,"extension":"jpg","width":200,"height":228,"filesize":14951,"sizes":{"woocommerce_gallery_thumbnail":{"width":100,"height":100,"mime-type":"image\/jpeg","filesize":3067,"url":"https:\/\/www.uptos.edu.ve\/wp-content\/uploads\/2024\/02\/Luis_Beltran_Prieto_Figueroa-100x100.jpg"},"thumbnail":{"width":150,"height":150,"mime-type":"image\/jpeg","filesize":5970,"url":"https:\/\/www.uptos.edu.ve\/wp-content\/uploads\/2024\/02\/Luis_Beltran_Prieto_Figueroa-150x150.jpg"}}},"all_day":true,"start_date":"2024-03-14 00:00:00","start_date_details":{"year":"2024","month":"03","day":"14","hour":"00","minutes":"00","seconds":"00"},"end_date":"2024-03-14 23:59:59","end_date_details":{"year":"2024","month":"03","day":"14","hour":"23","minutes":"59","seconds":"59"},"utc_start_date":"2024-03-14 03:00:00","utc_start_date_details":{"year":"2024","month":"03","day":"14","hour":"03","minutes":"00","seconds":"00"},"utc_end_date":"2024-03-15 02:59:59","utc_end_date_details":{"year":"2024","month":"03","day":"15","hour":"02","minutes":"59","seconds":"59"},"timezone":"UTC-4","timezone_abbr":"UTC-4","cost":"","cost_details":{"currency_symbol":"","currency_code":"","currency_position":"prefix","values":[]},"website":"","show_map":true,"show_map_link":true,"hide_from_listings":false,"sticky":false,"featured":false,"categories":[],"tags":[],"venue":[],"organizer":[],"custom_fields":[],"json_ld":{"@context":"http:\/\/schema.org","@type":"Event","name":"14 de marzo: natalicio de Luis Beltr\u00e1n Prieto Figueroa.","description":"&lt;p&gt;Nacido en La Asunci\u00f3n, capital del estado Nueva Esparta. Hijo de Loreto Prieto Higuerey y Josefa Figueroa. Realiz\u00f3 sus estudios primarios en la Escuela Federal Francisco Esteban G\u00f3mez de su&hellip;&lt;\/p&gt;\\n","image":"https:\/\/www.uptos.edu.ve\/wp-content\/uploads\/2024\/02\/Luis_Beltran_Prieto_Figueroa.jpg","url":"https:\/\/www.uptos.edu.ve\/?tribe_events=14-de-marzo-natalicio-de-luis-beltran-prieto-figueroa","eventAttendanceMode":"https:\/\/schema.org\/OfflineEventAttendanceMode","eventStatus":"https:\/\/schema.org\/EventScheduled","startDate":"2024-03-14T00:00:00-04:00","endDate":"2024-03-14T23:59:59-04:00","performer":"Organization"}}