{"id":13065,"global_id":"www.uptos.edu.ve?id=13065","global_id_lineage":["www.uptos.edu.ve?id=13065"],"author":"1","status":"publish","date":"2024-02-28 13:01:21","date_utc":"2024-02-28 17:01:21","modified":"2024-02-28 13:38:22","modified_utc":"2024-02-28 17:38:22","url":"https:\/\/www.uptos.edu.ve\/?tribe_events=13065","rest_url":"https:\/\/www.uptos.edu.ve\/index.php?rest_route=\/tribe\/events\/v1\/events\/13065","title":"D\u00eda Internacional de la Mujer","description":"<p style=\"text-align: justify;\"><span style=\"font-size: 12pt; font-family: arial, helvetica, sans-serif; color: #000000;\">El <strong>D\u00eda Internacional de la Mujer<\/strong>, antes denominado <strong>D\u00eda Internacional de la Mujer Trabajadora<\/strong> conmemora cada 8 de marzo la lucha de las <a style=\"color: #000000;\" href=\"https:\/\/es.wikipedia.org\/wiki\/Mujer\">mujeres<\/a> por su <a style=\"color: #000000;\" href=\"https:\/\/es.wikipedia.org\/wiki\/Emancipaci%C3%B3n_de_la_mujer\">participaci\u00f3n en la sociedad<\/a> y su desarrollo \u00edntegro como persona, en pie de <a style=\"color: #000000;\" href=\"https:\/\/es.wikipedia.org\/wiki\/Equidad_de_g%C3%A9nero\">igualdad<\/a> con el <a style=\"color: #000000;\" href=\"https:\/\/es.wikipedia.org\/wiki\/Var%C3%B3n\">hombre<\/a>. Tambi\u00e9n se usa para hacer referencia a esta conmemoraci\u00f3n el <a style=\"color: #000000;\" href=\"https:\/\/es.wikipedia.org\/wiki\/Numer%C3%B3nimo\">numer\u00f3nimo<\/a> <strong>8M<\/strong>, por el d\u00eda y el mes en que sucede.<\/span><\/p>\n<p style=\"text-align: justify;\"><span style=\"font-size: 12pt; font-family: arial, helvetica, sans-serif; color: #000000;\">En la II Conferencia Internacional de Mujeres Socialistas realizada en <a style=\"color: #000000;\" href=\"https:\/\/es.wikipedia.org\/wiki\/Copenhague\">Copenhague<\/a> en 1910, <a style=\"color: #000000;\" href=\"https:\/\/es.wikipedia.org\/wiki\/Clara_Zetkin\">Clara Zetkin<\/a> propuso y se aprob\u00f3 la celebraci\u00f3n del \u00abD\u00eda de la Mujer Trabajadora\u00bb, que se comenz\u00f3 a celebrar al a\u00f1o siguiente: la primera conmemoraci\u00f3n se realiz\u00f3 el 19 de marzo de 1911 en <a style=\"color: #000000;\" href=\"https:\/\/es.wikipedia.org\/wiki\/Alemania\">Alemania<\/a>, <a style=\"color: #000000;\" href=\"https:\/\/es.wikipedia.org\/wiki\/Austria\">Austria<\/a>, <a style=\"color: #000000;\" href=\"https:\/\/es.wikipedia.org\/wiki\/Dinamarca\">Dinamarca<\/a> y <a style=\"color: #000000;\" href=\"https:\/\/es.wikipedia.org\/wiki\/Suiza\">Suiza<\/a>. Desde entonces se ha extendido a muchos pa\u00edses.<\/span><\/p>\n<p style=\"text-align: justify;\"><span style=\"font-size: 12pt; font-family: arial, helvetica, sans-serif; color: #000000;\">En 1972, la <a style=\"color: #000000;\" href=\"https:\/\/es.wikipedia.org\/wiki\/Asamblea_General_de_las_Naciones_Unidas\">Asamblea General de las Naciones Unidas<\/a>, en su <a style=\"color: #000000;\" href=\"https:\/\/es.wikipedia.org\/wiki\/Resoluci%C3%B3n_3010_de_la_Asamblea_General_de_las_Naciones_Unidas\">resoluci\u00f3n 3010<\/a>, declar\u00f3 a 1975 \u00ab<a style=\"color: #000000;\" href=\"https:\/\/es.wikipedia.org\/wiki\/A%C3%B1o_Internacional_de_la_Mujer\">A\u00f1o Internacional de la Mujer<\/a>\u00bb,\u200b y en 1977\u200b invit\u00f3 a los Estados a declarar, conforme a sus tradiciones hist\u00f3ricas y costumbres nacionales, un d\u00eda como D\u00eda Internacional por los <a style=\"color: #000000;\" href=\"https:\/\/es.wikipedia.org\/wiki\/Derechos_de_la_mujer\">Derechos de la Mujer<\/a> y la <a style=\"color: #000000;\" href=\"https:\/\/es.wikipedia.org\/wiki\/Paz\">Paz Internacional<\/a>.<\/span><\/p>\n<p style=\"text-align: justify;\"><span style=\"font-size: 12pt; font-family: arial, helvetica, sans-serif; color: #000000;\">Esta fecha se utiliza para visualizar la <a style=\"color: #000000;\" href=\"https:\/\/es.wikipedia.org\/wiki\/Desigualdad_de_g%C3%A9nero\">desigualdad de g\u00e9nero<\/a> y para reivindicar la lucha por la <a style=\"color: #000000;\" href=\"https:\/\/es.wikipedia.org\/wiki\/Igualdad_de_g%C3%A9nero\">igualdad efectiva de derechos para las mujeres<\/a> en varios \u00e1mbitos. Suele celebrarse en casi todas las partes del mundo (ejemplo de ello es Italia y su \u00ab<em>Festa della Donna<\/em>\u00bb), y es <a style=\"color: #000000;\" href=\"https:\/\/es.wikipedia.org\/wiki\/D%C3%ADa_feriado\">d\u00eda feriado<\/a> en algunos pa\u00edses.\u200b Algunas corrientes <a style=\"color: #000000;\" href=\"https:\/\/es.wikipedia.org\/wiki\/Feminismo\">feministas<\/a> argumentan que no es un d\u00eda que deba celebrarse o ser festivo debido al origen del mismo, sino que debe servir para la <a style=\"color: #000000;\" href=\"https:\/\/es.wikipedia.org\/wiki\/Activismo\">reivindicaci\u00f3n de derechos<\/a>.<\/span><\/p>\n<p style=\"text-align: justify;\"><span style=\"font-size: 12pt; font-family: arial, helvetica, sans-serif; color: #000000;\">Fuente Wikipedia.<\/span><\/p>","excerpt":"","slug":"13065","image":{"url":"https:\/\/www.uptos.edu.ve\/wp-content\/uploads\/2024\/02\/mujer-1.jpg","id":13067,"extension":"jpg","width":286,"height":296,"filesize":74161,"sizes":{"woocommerce_gallery_thumbnail":{"width":100,"height":100,"mime-type":"image\/jpeg","filesize":8757,"url":"https:\/\/www.uptos.edu.ve\/wp-content\/uploads\/2024\/02\/mujer-1-100x100.jpg"},"thumbnail":{"width":150,"height":150,"mime-type":"image\/jpeg","filesize":11528,"url":"https:\/\/www.uptos.edu.ve\/wp-content\/uploads\/2024\/02\/mujer-1-150x150.jpg"},"post-thumbnail":{"width":286,"height":240,"mime-type":"image\/jpeg","filesize":19270,"url":"https:\/\/www.uptos.edu.ve\/wp-content\/uploads\/2024\/02\/mujer-1-286x240.jpg"}}},"all_day":true,"start_date":"2024-03-08 00:00:00","start_date_details":{"year":"2024","month":"03","day":"08","hour":"00","minutes":"00","seconds":"00"},"end_date":"2024-03-08 23:59:59","end_date_details":{"year":"2024","month":"03","day":"08","hour":"23","minutes":"59","seconds":"59"},"utc_start_date":"2024-03-08 04:00:00","utc_start_date_details":{"year":"2024","month":"03","day":"08","hour":"04","minutes":"00","seconds":"00"},"utc_end_date":"2024-03-09 03:59:59","utc_end_date_details":{"year":"2024","month":"03","day":"09","hour":"03","minutes":"59","seconds":"59"},"timezone":"UTC-4","timezone_abbr":"UTC-4","cost":"","cost_details":{"currency_symbol":"","currency_code":"","currency_position":"prefix","values":[]},"website":"","show_map":true,"show_map_link":true,"hide_from_listings":false,"sticky":false,"featured":false,"categories":[],"tags":[],"venue":[],"organizer":[],"custom_fields":[],"json_ld":{"@context":"http:\/\/schema.org","@type":"Event","name":"D\u00eda Internacional de la Mujer","description":"&lt;p&gt;El D\u00eda Internacional de la Mujer, antes denominado D\u00eda Internacional de la Mujer Trabajadora conmemora cada 8 de marzo la lucha de las mujeres por su participaci\u00f3n en la sociedad&hellip;&lt;\/p&gt;\\n","image":"https:\/\/www.uptos.edu.ve\/wp-content\/uploads\/2024\/02\/mujer-1.jpg","url":"https:\/\/www.uptos.edu.ve\/?tribe_events=13065","eventAttendanceMode":"https:\/\/schema.org\/OfflineEventAttendanceMode","eventStatus":"https:\/\/schema.org\/EventScheduled","startDate":"2024-03-08T00:00:00-04:00","endDate":"2024-03-08T23:59:59-04:00","performer":"Organization"}}