{"id":13054,"global_id":"www.uptos.edu.ve?id=13054","global_id_lineage":["www.uptos.edu.ve?id=13054"],"author":"1","status":"publish","date":"2024-02-28 11:11:37","date_utc":"2024-02-28 15:11:37","modified":"2024-02-28 11:12:55","modified_utc":"2024-02-28 15:12:55","url":"https:\/\/www.uptos.edu.ve\/?tribe_events=28-de-febrero-natalicio-de-antonio-guzman-blanco","rest_url":"https:\/\/www.uptos.edu.ve\/index.php?rest_route=\/tribe\/events\/v1\/events\/13054","title":"28 de Febrero Natalicio de Antonio Guzm\u00e1n Blanco","description":"<p style=\"text-align: justify;\"><span style=\"font-size: 12pt; color: #000000; font-family: arial, helvetica, sans-serif;\"><strong>Antonio Jos\u00e9 Leocadio Ram\u00f3n de La Trinidad y Mar\u00eda Guzm\u00e1n Blanco<\/strong> (<a style=\"color: #000000;\" href=\"https:\/\/es.wikipedia.org\/wiki\/Caracas\">Caracas<\/a>, 28 de febrero de 1829 &#8211; <a style=\"color: #000000;\" href=\"https:\/\/es.wikipedia.org\/wiki\/Par%C3%ADs\">Par\u00eds<\/a>, <a style=\"color: #000000;\" href=\"https:\/\/es.wikipedia.org\/wiki\/Francia\">Francia<\/a>, 28 de julio de 1899), fue un <a style=\"color: #000000;\" href=\"https:\/\/es.wikipedia.org\/wiki\/Militar\">militar<\/a>, <a style=\"color: #000000;\" href=\"https:\/\/es.wikipedia.org\/wiki\/Estadista\">estadista<\/a>, <a style=\"color: #000000;\" href=\"https:\/\/es.wikipedia.org\/wiki\/Caudillo\">caudillo<\/a>, <a style=\"color: #000000;\" href=\"https:\/\/es.wikipedia.org\/wiki\/Diplom%C3%A1tico\">diplom\u00e1tico<\/a>, <a style=\"color: #000000;\" href=\"https:\/\/es.wikipedia.org\/wiki\/Abogado\">abogado<\/a>, <a style=\"color: #000000;\" href=\"https:\/\/es.wikipedia.org\/wiki\/Pol%C3%ADtico\">pol\u00edtico<\/a> y <a style=\"color: #000000;\" href=\"https:\/\/es.wikipedia.org\/wiki\/Dictadura\">dictador<\/a> <a style=\"color: #000000;\" href=\"https:\/\/es.wikipedia.org\/wiki\/Venezolanos\">venezolano<\/a>, part\u00edcipe y <a style=\"color: #000000;\" href=\"https:\/\/es.wikipedia.org\/wiki\/General\">general<\/a> durante la <a style=\"color: #000000;\" href=\"https:\/\/es.wikipedia.org\/wiki\/Guerra_Federal\">Guerra Federal<\/a>, <a style=\"color: #000000;\" href=\"https:\/\/es.wikipedia.org\/wiki\/Vicepresidente\">vicepresidente<\/a>, ministro de distintas carteras y enviado diplom\u00e1tico del gobierno de <a style=\"color: #000000;\" href=\"https:\/\/es.wikipedia.org\/wiki\/Juan_Cris%C3%B3stomo_Falc%C3%B3n\">Juan Cris\u00f3stomo Falc\u00f3n<\/a> entre (1863-1868) y finalmente <a style=\"color: #000000;\" href=\"https:\/\/es.wikipedia.org\/wiki\/Presidente_de_Venezuela\">presidente de Venezuela<\/a> en tres ocasiones (1870-1877, 1879-1884, y 1886-1888).<\/span><\/p>\n<p style=\"text-align: justify;\"><span style=\"font-size: 12pt; color: #000000; font-family: arial, helvetica, sans-serif;\">Es tradicionalmente considerado, en la historiograf\u00eda venezolana, como el m\u00e1s notorio ejemplo del \u00abaut\u00f3crata Ilustrado\u00bb en la naci\u00f3n. Fue un gobernante efectivo que promovi\u00f3 el progreso de <a style=\"color: #000000;\" href=\"https:\/\/es.wikipedia.org\/wiki\/Venezuela\">Venezuela<\/a> en aspectos de la econom\u00eda, educaci\u00f3n y pol\u00edtica, pero fue personalista y desp\u00f3tico en la pr\u00e1ctica de su poder. Su permanencia como presidente del pa\u00eds durante tres per\u00edodos que suman casi 14 a\u00f1os se complement\u00f3 con 6 a\u00f1os de \u00abgobiernos t\u00edteres\u00bb con figuras como <a style=\"color: #000000;\" href=\"https:\/\/es.wikipedia.org\/wiki\/Francisco_Linares_Alc%C3%A1ntara\">Francisco Linares Alc\u00e1ntara<\/a> (1877-1878), <a style=\"color: #000000;\" href=\"https:\/\/es.wikipedia.org\/wiki\/Jos%C3%A9_Gregorio_Valera\">Jos\u00e9 Gregorio Valera<\/a> (1878), <a style=\"color: #000000;\" href=\"https:\/\/es.wikipedia.org\/wiki\/Joaqu%C3%ADn_Crespo\">Joaqu\u00edn Crespo<\/a> (1884-1886) y <a style=\"color: #000000;\" href=\"https:\/\/es.wikipedia.org\/wiki\/Herm%C3%B3genes_L%C3%B3pez\">Herm\u00f3genes L\u00f3pez<\/a> (1887-1888), todos partidarios del \u00abguzmancismo\u00bb. Estas dos d\u00e9cadas son conocidas en la <a style=\"color: #000000;\" href=\"https:\/\/es.wikipedia.org\/wiki\/Historia_de_Venezuela\">historia de Venezuela<\/a> como el \u00ab<a style=\"color: #000000;\" href=\"https:\/\/es.wikipedia.org\/wiki\/Guzmanato\">guzmanato<\/a>\u00bb o \u00ab<a style=\"color: #000000;\" href=\"https:\/\/es.wikipedia.org\/wiki\/Hegemon%C3%ADa\">hegemon\u00eda<\/a> guzmancista\u00bb.<\/span><\/p>","excerpt":"","slug":"28-de-febrero-natalicio-de-antonio-guzman-blanco","image":{"url":"https:\/\/www.uptos.edu.ve\/wp-content\/uploads\/2024\/02\/220px-Martin_Tovar_y_Tovar_20.jpg","id":13055,"extension":"jpg","width":220,"height":297,"filesize":18228,"sizes":{"woocommerce_gallery_thumbnail":{"width":100,"height":100,"mime-type":"image\/jpeg","filesize":3258,"url":"https:\/\/www.uptos.edu.ve\/wp-content\/uploads\/2024\/02\/220px-Martin_Tovar_y_Tovar_20-100x100.jpg"},"thumbnail":{"width":150,"height":150,"mime-type":"image\/jpeg","filesize":6513,"url":"https:\/\/www.uptos.edu.ve\/wp-content\/uploads\/2024\/02\/220px-Martin_Tovar_y_Tovar_20-150x150.jpg"},"htmega_size_585x295":{"width":220,"height":295,"mime-type":"image\/jpeg","filesize":18869,"url":"https:\/\/www.uptos.edu.ve\/wp-content\/uploads\/2024\/02\/220px-Martin_Tovar_y_Tovar_20-220x295.jpg"},"post-thumbnail":{"width":220,"height":240,"mime-type":"image\/jpeg","filesize":16234,"url":"https:\/\/www.uptos.edu.ve\/wp-content\/uploads\/2024\/02\/220px-Martin_Tovar_y_Tovar_20-220x240.jpg"}}},"all_day":true,"start_date":"2024-02-28 00:00:00","start_date_details":{"year":"2024","month":"02","day":"28","hour":"00","minutes":"00","seconds":"00"},"end_date":"2024-02-28 23:59:59","end_date_details":{"year":"2024","month":"02","day":"28","hour":"23","minutes":"59","seconds":"59"},"utc_start_date":"2024-02-28 04:00:00","utc_start_date_details":{"year":"2024","month":"02","day":"28","hour":"04","minutes":"00","seconds":"00"},"utc_end_date":"2024-02-29 03:59:59","utc_end_date_details":{"year":"2024","month":"02","day":"29","hour":"03","minutes":"59","seconds":"59"},"timezone":"UTC-4","timezone_abbr":"UTC-4","cost":"","cost_details":{"currency_symbol":"","currency_code":"","currency_position":"prefix","values":[]},"website":"","show_map":true,"show_map_link":true,"hide_from_listings":false,"sticky":false,"featured":false,"categories":[],"tags":[],"venue":[],"organizer":[],"custom_fields":[],"json_ld":{"@context":"http:\/\/schema.org","@type":"Event","name":"28 de Febrero Natalicio de Antonio Guzm\u00e1n Blanco","description":"&lt;p&gt;Antonio Jos\u00e9 Leocadio Ram\u00f3n de La Trinidad y Mar\u00eda Guzm\u00e1n Blanco (Caracas, 28 de febrero de 1829 - Par\u00eds, Francia, 28 de julio de 1899), fue un militar, estadista, caudillo,&hellip;&lt;\/p&gt;\\n","image":"https:\/\/www.uptos.edu.ve\/wp-content\/uploads\/2024\/02\/220px-Martin_Tovar_y_Tovar_20.jpg","url":"https:\/\/www.uptos.edu.ve\/?tribe_events=28-de-febrero-natalicio-de-antonio-guzman-blanco","eventAttendanceMode":"https:\/\/schema.org\/OfflineEventAttendanceMode","eventStatus":"https:\/\/schema.org\/EventScheduled","startDate":"2024-02-28T00:00:00-04:00","endDate":"2024-02-28T23:59:59-04:00","performer":"Organization"}}