{"id":12986,"global_id":"www.uptos.edu.ve?id=12986","global_id_lineage":["www.uptos.edu.ve?id=12986"],"author":"1","status":"publish","date":"2024-02-12 08:11:31","date_utc":"2024-02-12 12:11:31","modified":"2024-02-12 08:47:29","modified_utc":"2024-02-12 12:47:29","url":"https:\/\/www.uptos.edu.ve\/?tribe_events=natalicio-de-humberto-fernandez-moran-villalobos-18-de-febrero-de-1924","rest_url":"https:\/\/www.uptos.edu.ve\/index.php?rest_route=\/tribe\/events\/v1\/events\/12986","title":"Natalicio de Humberto Fern\u00e1ndez-Mor\u00e1n Villalobos (18 de febrero de 1924 )","description":"<p style=\"text-align: justify;\"><span style=\"color: #000000; font-size: 12pt; font-family: arial, helvetica, sans-serif;\"><strong>Natalicio Humberto Fern\u00e1ndez-Mor\u00e1n Villalobos<\/strong> (18 de febrero de 1924, <a style=\"color: #000000;\" href=\"https:\/\/es.wikipedia.org\/wiki\/La_Ca%C3%B1ada_de_Urdaneta\">La Ca\u00f1ada de Urdaneta<\/a>, <a style=\"color: #000000;\" href=\"https:\/\/es.wikipedia.org\/wiki\/Venezuela\">Venezuela<\/a> &#8211; 17 de marzo de 1999, <a style=\"color: #000000;\" href=\"https:\/\/es.wikipedia.org\/wiki\/Estocolmo\">Estocolmo<\/a>, <a style=\"color: #000000;\" href=\"https:\/\/es.wikipedia.org\/wiki\/Suecia\">Suecia<\/a>), fue un <a style=\"color: #000000;\" href=\"https:\/\/es.wikipedia.org\/wiki\/M%C3%A9dico\">m\u00e9dico<\/a> y reconocido <a style=\"color: #000000;\" href=\"https:\/\/es.wikipedia.org\/wiki\/Cient%C3%ADfico\">cient\u00edfico<\/a> venezolano en el campo de las ciencias f\u00edsicas y biol\u00f3gicas. <strong>Recibi\u00f3 en 1967 el <a style=\"color: #000000;\" href=\"https:\/\/es.wikipedia.org\/w\/index.php?title=Premio_Vovain&amp;action=edit&amp;redlink=1\">premio Vovain<\/a> por su invento, el <a style=\"color: #000000;\" href=\"https:\/\/es.wikipedia.org\/w\/index.php?title=Bistur%C3%AD_de_punta_de_diamante&amp;action=edit&amp;redlink=1\">bistur\u00ed de punta de diamante<\/a><\/strong>. Contribuy\u00f3 adem\u00e1s al desarrollo del <a style=\"color: #000000;\" href=\"https:\/\/es.wikipedia.org\/wiki\/Microscopio_electr%C3%B3nico\">microscopio electr\u00f3nico<\/a>, y fue la primera persona en introducir el concepto de <a style=\"color: #000000;\" href=\"https:\/\/es.wikipedia.org\/w\/index.php?title=Crioultramicrotom%C3%ADa&amp;action=edit&amp;redlink=1\">crioultramicrotom\u00eda<\/a>. Trabaj\u00f3 en el \u00e1rea de criosmicroscop\u00eda electr\u00f3nica, en el uso de lentes superconductores y <a style=\"color: #000000;\" href=\"https:\/\/es.wikipedia.org\/wiki\/Helio\">helio<\/a> l\u00edquido en los <a style=\"color: #000000;\" href=\"https:\/\/es.wikipedia.org\/wiki\/Microscopio_electr%C3%B3nico\">microscopios electr\u00f3nicos<\/a>. Ayud\u00f3 en la mejora de los ultramicrotomos.<\/span><\/p>\n<p style=\"text-align: justify;\"><span style=\"color: #000000; font-size: 12pt; font-family: arial, helvetica, sans-serif;\">Fern\u00e1ndez-Mor\u00e1n fue el fundador del Instituto Venezolano de Neurolog\u00eda e Investigaciones Cerebrales (IVNIC), precursor del actual <a style=\"color: #000000;\" href=\"https:\/\/es.wikipedia.org\/wiki\/Instituto_Venezolano_de_Investigaciones_Cient%C3%ADficas\">Instituto Venezolano de Investigaciones Cient\u00edficas<\/a> (IVIC). Fue <a style=\"color: #000000;\" href=\"https:\/\/es.wikipedia.org\/wiki\/Ministro_de_Educaci%C3%B3n\">Ministro de Educaci\u00f3n<\/a> hasta el final del gobierno de <a style=\"color: #000000;\" href=\"https:\/\/es.wikipedia.org\/wiki\/Marcos_P%C3%A9rez_Jim%C3%A9nez\">Marcos P\u00e9rez Jim\u00e9nez<\/a>, cuando sale al exilio voluntario en 1958. Durante su exilio, se desempe\u00f1\u00f3 como docente investigador de la <a style=\"color: #000000;\" href=\"https:\/\/es.wikipedia.org\/wiki\/Universidad_de_Chicago\">Universidad de Chicago<\/a>, siendo uno de los cient\u00edficos que m\u00e1s aport\u00f3 al desarrollo del proyecto de la <a style=\"color: #000000;\" href=\"https:\/\/es.wikipedia.org\/wiki\/NASA\">NASA<\/a> en el <a style=\"color: #000000;\" href=\"https:\/\/es.wikipedia.org\/wiki\/Programa_Apolo\">programa Apolo<\/a>.<\/span><\/p>\n<p style=\"text-align: justify;\"><span style=\"color: #000000; font-size: 12pt; font-family: arial, helvetica, sans-serif;\">Estudi\u00f3 <a style=\"color: #000000;\" href=\"https:\/\/es.wikipedia.org\/wiki\/Medicina\">medicina<\/a> en la <a style=\"color: #000000;\" href=\"https:\/\/es.wikipedia.org\/wiki\/Universidad_de_M%C3%BAnich\">Universidad de M\u00fanich<\/a>, donde se gradu\u00f3 <em><a style=\"color: #000000;\" href=\"https:\/\/es.wikipedia.org\/wiki\/Cum_laude\">summa cum laude<\/a><\/em> en 1944. Se cas\u00f3 con Anna Browallius (de nacionalidad <a style=\"color: #000000;\" href=\"https:\/\/es.wikipedia.org\/wiki\/Suecia\">sueca<\/a>), con la cual tuvo dos hijas: Br\u00edgida Elena y Ver\u00f3nica. Fern\u00e1ndez falleci\u00f3 en Estocolmo, producto de un <a style=\"color: #000000;\" href=\"https:\/\/es.wikipedia.org\/wiki\/Aneurisma_cerebral\">aneurisma cerebral<\/a>. El cuerpo del Dr. Humberto Fern\u00e1ndez fue cremado, y sus cenizas reposan en Suecia, Estocolmo. A veces se confunde con los restos mortales de su padre, Don Luis Fern\u00e1ndez-Mor\u00e1n, que s\u00ed reposan en el <a style=\"color: #000000;\" href=\"https:\/\/es.wikipedia.org\/wiki\/Cementerio_El_Cuadrado\">cementerio El Cuadrado<\/a>, en su ciudad natal.<\/span><\/p>\n<p style=\"text-align: justify;\"><span style=\"color: #000000; font-size: 12pt; font-family: arial, helvetica, sans-serif;\">Fuente wikipedia<\/span><\/p>","excerpt":"","slug":"natalicio-de-humberto-fernandez-moran-villalobos-18-de-febrero-de-1924","image":{"url":"https:\/\/www.uptos.edu.ve\/wp-content\/uploads\/2024\/02\/FernadezMoran.jpg","id":12987,"extension":"jpg","width":220,"height":229,"filesize":12980,"sizes":{"woocommerce_gallery_thumbnail":{"width":100,"height":100,"mime-type":"image\/jpeg","filesize":3184,"url":"https:\/\/www.uptos.edu.ve\/wp-content\/uploads\/2024\/02\/FernadezMoran-100x100.jpg"},"thumbnail":{"width":150,"height":150,"mime-type":"image\/jpeg","filesize":5640,"url":"https:\/\/www.uptos.edu.ve\/wp-content\/uploads\/2024\/02\/FernadezMoran-150x150.jpg"}}},"all_day":true,"start_date":"2024-02-18 00:00:00","start_date_details":{"year":"2024","month":"02","day":"18","hour":"00","minutes":"00","seconds":"00"},"end_date":"2024-02-18 23:59:59","end_date_details":{"year":"2024","month":"02","day":"18","hour":"23","minutes":"59","seconds":"59"},"utc_start_date":"2024-02-18 04:00:00","utc_start_date_details":{"year":"2024","month":"02","day":"18","hour":"04","minutes":"00","seconds":"00"},"utc_end_date":"2024-02-19 03:59:59","utc_end_date_details":{"year":"2024","month":"02","day":"19","hour":"03","minutes":"59","seconds":"59"},"timezone":"UTC-4","timezone_abbr":"UTC-4","cost":"","cost_details":{"currency_symbol":"","currency_code":"","currency_position":"prefix","values":[]},"website":"","show_map":true,"show_map_link":true,"hide_from_listings":false,"sticky":false,"featured":false,"categories":[],"tags":[],"venue":[],"organizer":[],"custom_fields":[],"json_ld":{"@context":"http:\/\/schema.org","@type":"Event","name":"Natalicio de Humberto Fern\u00e1ndez-Mor\u00e1n Villalobos (18 de febrero de 1924 )","description":"&lt;p&gt;Natalicio Humberto Fern\u00e1ndez-Mor\u00e1n Villalobos (18 de febrero de 1924, La Ca\u00f1ada de Urdaneta, Venezuela - 17 de marzo de 1999, Estocolmo, Suecia), fue un m\u00e9dico y reconocido cient\u00edfico venezolano en&hellip;&lt;\/p&gt;\\n","image":"https:\/\/www.uptos.edu.ve\/wp-content\/uploads\/2024\/02\/FernadezMoran.jpg","url":"https:\/\/www.uptos.edu.ve\/?tribe_events=natalicio-de-humberto-fernandez-moran-villalobos-18-de-febrero-de-1924","eventAttendanceMode":"https:\/\/schema.org\/OfflineEventAttendanceMode","eventStatus":"https:\/\/schema.org\/EventScheduled","startDate":"2024-02-18T00:00:00-04:00","endDate":"2024-02-18T23:59:59-04:00","performer":"Organization"}}