{"id":10136,"global_id":"www.uptos.edu.ve?id=10136","global_id_lineage":["www.uptos.edu.ve?id=10136"],"author":"5","status":"publish","date":"2023-06-14 11:48:55","date_utc":"2023-06-14 15:48:55","modified":"2023-06-14 11:48:55","modified_utc":"2023-06-14 15:48:55","url":"https:\/\/www.uptos.edu.ve\/?tribe_events=dia-mundial-de-lucha-contra-la-desertificacion-y-la-sequia","rest_url":"https:\/\/www.uptos.edu.ve\/index.php?rest_route=\/tribe\/events\/v1\/events\/10136","title":"D\u00cdA MUNDIAL DE LUCHA CONTRA LA DESERTIFICACI\u00d3N Y LA SEQU\u00cdA","description":"<p class=\"rtejustify\" align=\"justify\"><a href=\"https:\/\/www.uptos.edu.ve\/sites\/all\/themes\/industry\/images\/efemerides\/junio\/desertif.jpg\" target=\"_blank\" rel=\"noopener\"><img fetchpriority=\"high\" decoding=\"async\" class=\"alignleft\" src=\"https:\/\/www.uptos.edu.ve\/sites\/all\/themes\/industry\/images\/efemerides\/junio\/desertif.jpg\" alt=\"\" width=\"394\" height=\"296\" \/><\/a><font color=\"#000000\">El D\u00eda Mundial de la Lucha contra la Desertificaci\u00f3n y la Sequ\u00eda se conmemora todos los a\u00f1os el 17 de junio. Se trata de un d\u00eda en el que se pretende sensibilizar a los ciudadanos para luchar contra la desertizaci\u00f3n y la sequ\u00eda a nivel mundial.<\/font><\/p>\n<p class=\"rtejustify\" align=\"justify\"><font color=\"#000000\"><a href=\"http:\/\/www.dia-de.com\/lucha-desertificacion-sequia\/\" target=\"_blank\" rel=\"noopener\">Leer m\u00e1s:<\/a><\/font><\/p>","excerpt":"","slug":"dia-mundial-de-lucha-contra-la-desertificacion-y-la-sequia","image":false,"all_day":true,"start_date":"2023-06-17 00:00:00","start_date_details":{"year":"2023","month":"06","day":"17","hour":"00","minutes":"00","seconds":"00"},"end_date":"2023-06-17 23:59:59","end_date_details":{"year":"2023","month":"06","day":"17","hour":"23","minutes":"59","seconds":"59"},"utc_start_date":"2023-06-17 03:00:00","utc_start_date_details":{"year":"2023","month":"06","day":"17","hour":"03","minutes":"00","seconds":"00"},"utc_end_date":"2023-06-18 02:59:59","utc_end_date_details":{"year":"2023","month":"06","day":"18","hour":"02","minutes":"59","seconds":"59"},"timezone":"UTC-4","timezone_abbr":"UTC-4","cost":"","cost_details":{"currency_symbol":"","currency_code":"","currency_position":"prefix","values":[]},"website":"","show_map":true,"show_map_link":true,"hide_from_listings":false,"sticky":false,"featured":false,"categories":[],"tags":[],"venue":[],"organizer":[],"custom_fields":[],"json_ld":{"@context":"http:\/\/schema.org","@type":"Event","name":"D\u00cdA MUNDIAL DE LUCHA CONTRA LA DESERTIFICACI\u00d3N Y LA SEQU\u00cdA","description":"&lt;p&gt;El D\u00eda Mundial de la Lucha contra la Desertificaci\u00f3n y la Sequ\u00eda se conmemora todos los a\u00f1os el 17 de junio. Se trata de un d\u00eda en el que se&hellip;&lt;\/p&gt;\\n","url":"https:\/\/www.uptos.edu.ve\/?tribe_events=dia-mundial-de-lucha-contra-la-desertificacion-y-la-sequia","eventAttendanceMode":"https:\/\/schema.org\/OfflineEventAttendanceMode","eventStatus":"https:\/\/schema.org\/EventScheduled","startDate":"2023-06-17T00:00:00-04:00","endDate":"2023-06-17T23:59:59-04:00","performer":"Organization"}}